{"id":1148,"date":"2025-10-24T13:06:56","date_gmt":"2025-10-24T11:06:56","guid":{"rendered":"https:\/\/opiekun.net\/aktualnosci\/?p=1148"},"modified":"2025-10-24T13:06:56","modified_gmt":"2025-10-24T11:06:56","slug":"czym-jest-program-aktywnie-w-zlobku-i-jak-zlozyc-wniosek","status":"publish","type":"post","link":"https:\/\/opiekun.net\/aktualnosci\/czym-jest-program-aktywnie-w-zlobku-i-jak-zlozyc-wniosek\/","title":{"rendered":"Czym jest program \u201eAktywnie w \u017c\u0142obku\u201d i jak z\u0142o\u017cy\u0107 wniosek?"},"content":{"rendered":"\n<p>\u201eAktywnie w \u017c\u0142obku\u201d to \u015bwiadczenie w ramach programu Aktywny Rodzic, kt\u00f3re pomaga obni\u017cy\u0107 koszty pobytu dziecka w \u017c\u0142obku, klubie dzieci\u0119cym lub u dziennego opiekuna. Program kierowany jest do rodzic\u00f3w i opiekun\u00f3w dzieci. <strong>Wsparcie ma na celu obni\u017cenie koszt\u00f3w opieki nad najm\u0142odszymi i u\u0142atwienie rodzicom powrotu do pracy. <\/strong>Przeczytaj poni\u017cszy artyku\u0142, aby dowiedzie\u0107 si\u0119, jak i kto mo\u017ce z\u0142o\u017cy\u0107 wniosek \u201eAktywnie w \u017c\u0142obku\u201d.&nbsp;<\/p>\n\n\n\n<h2 class=\"wp-block-heading\">Czym jest \u015bwiadczenie \u201eAktywnie w \u017c\u0142obku\u201d?<\/h2>\n\n\n\n<p>Program \u201eAktywnie w \u017c\u0142obku\u201d to rz\u0105dowe wsparcie finansowe w ramach inicjatywy <em>Aktywny Rodzic<\/em>, stworzone z my\u015bl\u0105 o rodzinach, kt\u00f3re korzystaj\u0105 z instytucjonalnej opieki nad dzie\u0107mi do lat 3. <strong>Zgodnie z danymi G\u0142\u00f3wnego Urz\u0119du Statystycznego, pod koniec 2024 roku do samych \u017c\u0142obk\u00f3w ucz\u0119szcza\u0142o blisko a\u017c 166 tys. dzieci.<\/strong><\/p>\n\n\n\n<p>G\u0142\u00f3wnym celem programu jest <strong>obni\u017cenie koszt\u00f3w pobytu dziecka w \u017c\u0142obku, klubie dzieci\u0119cym lub u dziennego opiekuna, tak aby wi\u0119ksza liczba rodzic\u00f3w mog\u0142a pozwoli\u0107 sobie na powr\u00f3t do pracy bez nadmiernego obci\u0105\u017cenia domowego bud\u017cetu.<\/strong><\/p>\n\n\n\n<p>Dzi\u0119ki temu \u015bwiadczeniu miesi\u0119czne op\u0142aty za opiek\u0119 s\u0105 znacz\u0105co ni\u017csze \u2013 <strong>rodzice mog\u0105 otrzyma\u0107 nawet do 1500 z\u0142 wsparcia, a w przypadku dzieci z niepe\u0142nosprawno\u015bci\u0105 kwota ta wzrasta do 1900 z\u0142. <\/strong>Co wa\u017cne, \u015brodki nie trafiaj\u0105 na konto rodzica, lecz bezpo\u015brednio do plac\u00f3wki opieku\u0144czej, co automatycznie pomniejsza nale\u017cno\u015b\u0107 za pobyt dziecka. Taki system rozlicze\u0144 jest wygodny, bezpieczny i przejrzysty \u2013 <strong>rodzice nie musz\u0105 sk\u0142ada\u0107 dodatkowych rozlicze\u0144 ani wniosk\u00f3w o zwrot koszt\u00f3w.<\/strong><\/p>\n\n\n\n<p>Nieudana adaptacja w \u017c\u0142obku? Zobacz, <a href=\"https:\/\/opiekun.net\/aktualnosci\/co-zrobic-gdy-dziecko-ciezko-przechodzi-adaptacje-w-zlobku\/\">co zrobi\u0107, gdy dziecko ci\u0119\u017cko j\u0105 przechodzi<\/a>.&nbsp;<\/p>\n\n\n\n<h2 class=\"wp-block-heading\">Kto mo\u017ce skorzysta\u0107 ze \u015bwiadczenia \u201eAktywnie w \u017c\u0142obku\u201d?<\/h2>\n\n\n\n<p>Wniosek \u201eAktywnie w \u017c\u0142obku\u201d mog\u0105 z\u0142o\u017cy\u0107 osoby, kt\u00f3re faktycznie sprawuj\u0105 opiek\u0119 nad dzieckiem i ponosz\u0105 koszty jego pobytu w instytucji opieki.<strong> To wsparcie zosta\u0142o zaprojektowane tak, by obj\u0105\u0107 jak najszersz\u0105 grup\u0119 rodzin i opiekun\u00f3w, niezale\u017cnie od formy sprawowania pieczy nad maluchem.<\/strong><\/p>\n\n\n\n<p>Ze \u015bwiadczenia \u201eAktywnie w \u017c\u0142obku\u201d mog\u0105 skorzysta\u0107:<\/p>\n\n\n\n<ul class=\"wp-block-list\">\n<li>rodzice dziecka (matka lub ojciec);<\/li>\n\n\n\n<li>opiekunowie prawni;<\/li>\n\n\n\n<li>osoby, kt\u00f3rym s\u0105d powierzy\u0142 piecz\u0119 nad dzieckiem \u2013 np. rodzina zast\u0119pcza lub dyrektor plac\u00f3wki;<\/li>\n\n\n\n<li>rodzice przy opiece naprzemiennej \u2013 ka\u017cde z nich mo\u017ce otrzyma\u0107 po\u0142ow\u0119 \u015bwiadczenia;<\/li>\n\n\n\n<li>obywatele Ukrainy przebywaj\u0105cy legalnie w Polsce przez co najmniej 365 dni.<\/li>\n<\/ul>\n\n\n\n<p>Jak przygotowa\u0107 si\u0119 do z\u0142o\u017cenia wniosku \u201eAktywnie w \u017c\u0142obku\u201d ?<\/p>\n\n\n\n<p><strong>Kompletne dane i dokumenty pozwol\u0105 Ci unikn\u0105\u0107 b\u0142\u0119d\u00f3w oraz przyspiesz\u0105 rozpatrzenie wniosku <\/strong>o \u015bwiadczenie \u201eAktywnie w \u017c\u0142obku\u201d. Wniosek sk\u0142adany jest wy\u0142\u0105cznie elektronicznie, dlatego najlepiej mie\u0107 wszystkie informacje zapisane wcze\u015bniej, by wype\u0142nienie formularza zaj\u0119\u0142o tylko kilka minut.<\/p>\n\n\n\n<h3 class=\"wp-block-heading\">Przed z\u0142o\u017ceniem wniosku \u201eAktywnie w \u017c\u0142obku\u201d przygotuj:<\/h3>\n\n\n\n<ul class=\"wp-block-list\">\n<li>swoje dane osobowe oraz dane dziecka, w tym numer PESEL i aktualny adres zamieszkania;<\/li>\n\n\n\n<li>informacje o plac\u00f3wce, do kt\u00f3rej ucz\u0119szcza dziecko \u2013 nazw\u0119, adres, NIP i REGON (dane te znajdziesz na umowie z plac\u00f3wk\u0105 lub w rejestrze \u017c\u0142obk\u00f3w i klub\u00f3w dzieci\u0119cych);<\/li>\n\n\n\n<li>numer orzeczenia o niepe\u0142nosprawno\u015bci, je\u015bli dziecko posiada taki dokument \u2013 umo\u017cliwia on uzyskanie wy\u017cszej kwoty \u015bwiadczenia (do 1900 z\u0142);<\/li>\n\n\n\n<li>dokumenty potwierdzaj\u0105ce prawn\u0105 opiek\u0119 nad dzieckiem, np. orzeczenie s\u0105du, dokument adopcyjny lub za\u015bwiadczenie o pieczy zast\u0119pczej \u2013 w zale\u017cno\u015bci od indywidualnej sytuacji.<\/li>\n<\/ul>\n\n\n\n<p>Warto r\u00f3wnie\u017c upewni\u0107 si\u0119, \u017ce plac\u00f3wka, do kt\u00f3rej ucz\u0119szcza dziecko, jest zarejestrowana w systemie ZUS \u2013<strong> to warunek konieczny, by mog\u0142a otrzymywa\u0107 \u015brodki w ramach programu.<\/strong><\/p>\n\n\n\n<p>Je\u015bli interesuj\u0105 Ci\u0119 tematy zwi\u0105zane z opiek\u0105 nad dzie\u0107mi, rozwojem najm\u0142odszych lub my\u015blisz o pracy w sektorze opieki, zajrzyj na stron\u0119 <a href=\"https:\/\/opiekun.net\/kursy\">opiekun.net<\/a>. <strong>Znajdziesz tam szkolenia, kt\u00f3re pomog\u0105 Ci lepiej zrozumie\u0107 potrzeby dzieci, poszerzy\u0107 wiedz\u0119 pedagogiczn\u0105 i zdoby\u0107 kompetencje cenione w \u017c\u0142obkach oraz klubach dzieci\u0119cych.<\/strong><\/p>\n\n\n\n<blockquote class=\"wp-block-quote is-layout-flow wp-block-quote-is-layout-flow\">\n<blockquote class=\"wp-block-quote is-layout-flow wp-block-quote-is-layout-flow\">\n<p class=\"has-text-align-center has-large-font-size\"><a href=\"http:\/\/opiekun.net\/kursy\" title=\"\">SPRAWD\u0179 KURSY DOST\u0118PNE NA OPIEKUN.NET I ROZPOCZNIJ PRAC\u0118 W SEKTORZE OPIEKI NAD NAJM\u0141ODSZYMI!<\/a><\/p>\n<\/blockquote>\n<\/blockquote>\n\n\n\n<figure class=\"wp-block-image size-large\"><img loading=\"lazy\" decoding=\"async\" width=\"1024\" height=\"683\" src=\"https:\/\/opiekun.net\/aktualnosci\/wp-content\/uploads\/2025\/10\/Czym-jest-program-\u201eAktywnie-w-zlobku-jak-skorzystac-1024x683.jpg\" alt=\"Czym jest program \u201eAktywnie w \u017c\u0142obku\u201d jak skorzysta\u0107\" class=\"wp-image-1151\" srcset=\"https:\/\/opiekun.net\/aktualnosci\/wp-content\/uploads\/2025\/10\/Czym-jest-program-\u201eAktywnie-w-zlobku-jak-skorzystac-1024x683.jpg 1024w, https:\/\/opiekun.net\/aktualnosci\/wp-content\/uploads\/2025\/10\/Czym-jest-program-\u201eAktywnie-w-zlobku-jak-skorzystac-300x200.jpg 300w, https:\/\/opiekun.net\/aktualnosci\/wp-content\/uploads\/2025\/10\/Czym-jest-program-\u201eAktywnie-w-zlobku-jak-skorzystac-768x513.jpg 768w, https:\/\/opiekun.net\/aktualnosci\/wp-content\/uploads\/2025\/10\/Czym-jest-program-\u201eAktywnie-w-zlobku-jak-skorzystac-1536x1025.jpg 1536w, https:\/\/opiekun.net\/aktualnosci\/wp-content\/uploads\/2025\/10\/Czym-jest-program-\u201eAktywnie-w-zlobku-jak-skorzystac-2048x1367.jpg 2048w, https:\/\/opiekun.net\/aktualnosci\/wp-content\/uploads\/2025\/10\/Czym-jest-program-\u201eAktywnie-w-zlobku-jak-skorzystac-696x465.jpg 696w, https:\/\/opiekun.net\/aktualnosci\/wp-content\/uploads\/2025\/10\/Czym-jest-program-\u201eAktywnie-w-zlobku-jak-skorzystac-1068x713.jpg 1068w, https:\/\/opiekun.net\/aktualnosci\/wp-content\/uploads\/2025\/10\/Czym-jest-program-\u201eAktywnie-w-zlobku-jak-skorzystac-629x420.jpg 629w\" sizes=\"auto, (max-width: 1024px) 100vw, 1024px\" \/><\/figure>\n\n\n\n<h2 class=\"wp-block-heading\">Wniosek \u201eAktywnie w \u017c\u0142obku\u201d \u2013 kto nie mo\u017ce uzyska\u0107 \u015bwiadczenie?<\/h2>\n\n\n\n<p>Nie ka\u017cda sytuacja uprawnia do otrzymania wsparcia z programu \u201eAktywnie w \u017c\u0142obku\u201d. Przepisy jasno okre\u015blaj\u0105, kiedy \u015bwiadczenie nie przys\u0142uguje \u2013 <strong>ma to na celu unikni\u0119cie podw\u00f3jnego finansowania tych samych form opieki oraz zachowanie przejrzysto\u015bci programu.&nbsp;<\/strong><\/p>\n\n\n\n<p>\u015awiadczenie \u201eAktywnie w \u017c\u0142obku\u201d nie przys\u0142uguje, gdy:<\/p>\n\n\n\n<ul class=\"wp-block-list\">\n<li><strong>dziecko nie ucz\u0119szcza do \u017c\u0142obka, klubu dzieci\u0119cego ani nie korzysta z opieki dziennego opiekuna<\/strong> \u2013 \u015bwiadczenie dotyczy wy\u0142\u0105cznie dzieci obj\u0119tych opiek\u0105 w instytucjach wpisanych do rejestru \u2013 nie obejmuje opieki prywatnej, rodzinnej ani nieformalnej;<\/li>\n\n\n\n<li><strong>rodzic pobiera inne \u015bwiadczenia z programu Aktywny Rodzic, takie jak <\/strong><strong><em>Aktywnie w domu<\/em><\/strong><strong> czy <\/strong><strong><em>Rodzinny kapita\u0142 opieku\u0144czy<\/em><\/strong><em> \u2013<\/em> nie mo\u017cna \u0142\u0105czy\u0107 kilku form wsparcia przeznaczonych na ten sam cel, dlatego nale\u017cy wybra\u0107 jeden typ \u015bwiadczenia;<\/li>\n\n\n\n<li><strong>dziecko ucz\u0119szcza do przedszkola<\/strong> (z wyj\u0105tkiem maluch\u00f3w, kt\u00f3re nie uko\u0144czy\u0142y 35. miesi\u0105ca \u017cycia) \u2013 w takim przypadku mo\u017cliwe jest uzyskanie innej formy wsparcia w ramach programu <em>Aktywny Rodzic<\/em>.<\/li>\n<\/ul>\n\n\n\n<p>Dzi\u0119ki takim zasadom program zachowuje sp\u00f3jno\u015b\u0107 i skutecznie wspiera rodziny, kt\u00f3re <strong>faktycznie korzystaj\u0105 z instytucjonalnej opieki nad najm\u0142odszymi dzie\u0107mi.<\/strong><\/p>\n\n\n\n<h2 class=\"wp-block-heading\">Jakie s\u0105 warunki finansowe?<\/h2>\n\n\n\n<p>Wysoko\u015b\u0107 \u015bwiadczenia \u201eAktywnie w \u017c\u0142obku\u201d jest uzale\u017cniona od rzeczywistych koszt\u00f3w pobytu dziecka w plac\u00f3wce opieki. Oznacza to, \u017ce <strong>kwota wsparcia nie jest sta\u0142a dla wszystkich \u2013 zale\u017cy od tego, ile faktycznie kosztuje miejsce w \u017c\u0142obku, klubie dzieci\u0119cym lub u dziennego opiekuna.<\/strong><\/p>\n\n\n\n<p>Od 1 kwietnia 2025 do 31 marca 2026 roku <strong>maksymalny koszt pobytu dziecka, na podstawie kt\u00f3rego mo\u017cna przyzna\u0107 \u015bwiadczenie, wynosi 2200 z\u0142 miesi\u0119cznie. <\/strong>To oznacza, \u017ce je\u015bli op\u0142ata za \u017c\u0142obek jest ni\u017csza, rodzic otrzyma dofinansowanie odpowiadaj\u0105ce rzeczywistym kosztom (bez wy\u017cywienia).<\/p>\n\n\n\n<p>Kwota \u015bwiadczenia nie mo\u017ce przekroczy\u0107 faktycznej op\u0142aty ponoszonej przez rodzica. <strong>Wysoko\u015b\u0107 tej op\u0142aty musi uwzgl\u0119dnia\u0107:<\/strong><\/p>\n\n\n\n<ul class=\"wp-block-list\">\n<li>wszystkie przys\u0142uguj\u0105ce zni\u017cki;<\/li>\n\n\n\n<li>dotacje gminne;<\/li>\n\n\n\n<li>\u015brodki pochodz\u0105ce z funduszy unijnych.<\/li>\n<\/ul>\n\n\n\n<p>W praktyce oznacza to, \u017ce program finansuje jedynie realny koszt ponoszony przez rodzica po odj\u0119ciu lokalnych dop\u0142at. <strong>Dzi\u0119ki takiemu rozwi\u0105zaniu wsparcie trafia do rodzin, kt\u00f3re faktycznie ponosz\u0105 wydatki na opiek\u0119 nad dzie\u0107mi, a system pozostaje przejrzysty i sprawiedliwy \u2013 niezale\u017cnie od tego, w jakiej miejscowo\u015bci znajduje si\u0119 plac\u00f3wka.<\/strong><\/p>\n\n\n\n<h2 class=\"wp-block-heading\">Jak i gdzie z\u0142o\u017cy\u0107 wniosek \u201eAktywnie w \u017c\u0142obku\u201d?<\/h2>\n\n\n\n<p>Z\u0142o\u017cenie wniosku o \u015bwiadczenie \u201eAktywnie w \u017c\u0142obku\u201d jest <strong>szybkie i w pe\u0142ni zdalne \u2013 ca\u0142y proces odbywa si\u0119 online, bez konieczno\u015bci wizyty w urz\u0119dzie. <\/strong>Dzi\u0119ki temu rodzice mog\u0105 za\u0142atwi\u0107 formalno\u015bci w dogodnym momencie, korzystaj\u0105c z telefonu lub komputera.<\/p>\n\n\n\n<p><strong>Wniosek o <\/strong><strong>\u015bwiadczenie \u201eAktywnie w \u017c\u0142obku\u201d<\/strong><strong> sk\u0142ada si\u0119 wy\u0142\u0105cznie online \u2013 przez:<\/strong><\/p>\n\n\n\n<ul class=\"wp-block-list\">\n<li>PUE ZUS;<\/li>\n\n\n\n<li>aplikacj\u0119 mZUS;<\/li>\n\n\n\n<li>portal Emp@tia;<\/li>\n\n\n\n<li>bankowo\u015b\u0107 elektroniczn\u0105.<\/li>\n<\/ul>\n\n\n\n<h3 class=\"wp-block-heading\">Aby z\u0142o\u017cy\u0107 wniosek:&nbsp;&nbsp;<\/h3>\n\n\n\n<ol class=\"wp-block-list\">\n<li><strong>zaloguj si\u0119 do systemu:<\/strong><\/li>\n\n\n\n<li><strong>wybierz zak\u0142adk\u0119 Aktywny Rodzic;<\/strong><\/li>\n\n\n\n<li><strong>wype\u0142nij formularz;<\/strong><\/li>\n\n\n\n<li><strong>do\u0142\u0105cz wymagane dokumenty;<\/strong><\/li>\n\n\n\n<li><strong>wy\u015blij.\u00a0<\/strong><\/li>\n<\/ol>\n\n\n\n<p>Nie musisz posiada\u0107 wcze\u015bniej profilu PUE \u2013 <strong>zostanie on za\u0142o\u017cony automatycznie, je\u015bli wniosek z\u0142o\u017cysz przez Emp@ti\u0119 lub bankowo\u015b\u0107 elektroniczn\u0105<\/strong>.<\/p>\n\n\n\n<figure class=\"wp-block-image size-full\"><img loading=\"lazy\" decoding=\"async\" width=\"1000\" height=\"558\" src=\"https:\/\/opiekun.net\/aktualnosci\/wp-content\/uploads\/2025\/10\/Czym-jest-program-\u201eAktywnie-w-zlobku-i-jak-zlozyc-wniosek.jpg\" alt=\"Czym jest program \u201eAktywnie w \u017c\u0142obku\u201d i jak z\u0142o\u017cy\u0107 wniosek\" class=\"wp-image-1152\" srcset=\"https:\/\/opiekun.net\/aktualnosci\/wp-content\/uploads\/2025\/10\/Czym-jest-program-\u201eAktywnie-w-zlobku-i-jak-zlozyc-wniosek.jpg 1000w, https:\/\/opiekun.net\/aktualnosci\/wp-content\/uploads\/2025\/10\/Czym-jest-program-\u201eAktywnie-w-zlobku-i-jak-zlozyc-wniosek-300x167.jpg 300w, https:\/\/opiekun.net\/aktualnosci\/wp-content\/uploads\/2025\/10\/Czym-jest-program-\u201eAktywnie-w-zlobku-i-jak-zlozyc-wniosek-768x429.jpg 768w, https:\/\/opiekun.net\/aktualnosci\/wp-content\/uploads\/2025\/10\/Czym-jest-program-\u201eAktywnie-w-zlobku-i-jak-zlozyc-wniosek-696x388.jpg 696w, https:\/\/opiekun.net\/aktualnosci\/wp-content\/uploads\/2025\/10\/Czym-jest-program-\u201eAktywnie-w-zlobku-i-jak-zlozyc-wniosek-753x420.jpg 753w\" sizes=\"auto, (max-width: 1000px) 100vw, 1000px\" \/><\/figure>\n\n\n\n<h2 class=\"wp-block-heading\">Kiedy z\u0142o\u017cy\u0107 wniosek i jak d\u0142ugo czeka si\u0119 na decyzj\u0119?<\/h2>\n\n\n\n<p>Wniosek mo\u017cna z\u0142o\u017cy\u0107 nie wcze\u015bniej ni\u017c w dniu rozpocz\u0119cia opieki nad dzieckiem. Je\u015bli wniosek zostanie z\u0142o\u017cony w ci\u0105gu pierwszych trzech miesi\u0119cy od rozpocz\u0119cia opieki, \u015bwiadczenie zostanie przyznane z wyr\u00f3wnaniem.<strong> Od miesi\u0105ca, w kt\u00f3rym dziecko rozpocz\u0119\u0142o ucz\u0119szczanie. <\/strong>W innych przypadkach pieni\u0105dze przys\u0142uguj\u0105 od miesi\u0105ca z\u0142o\u017cenia wniosku.<\/p>\n\n\n\n<p>Je\u015bli interesuj\u0105 Ci\u0119 inne programy rz\u0105dowe \u2013 zobacz, <a href=\"https:\/\/opiekun.net\/aktualnosci\/jak-skorzystac-z-programu-aktywny-maluch-dawniej-maluch-plus\/\">czym jest program Aktywny Maluch i jak z niego skorzysta\u0107.<\/a>&nbsp;&nbsp;<\/p>\n\n\n\n<h2 class=\"wp-block-heading\">Jak d\u0142ugo przys\u0142uguje \u015bwiadczenie?<\/h2>\n\n\n\n<p>\u015awiadczenie \u201eAktywnie w \u017c\u0142obku\u201d przyznawane jest na ca\u0142y okres, w kt\u00f3rym dziecko faktycznie korzysta z opieki w \u017c\u0142obku, klubie dzieci\u0119cym lub u dziennego opiekuna. <strong>Oznacza to, \u017ce dop\u00f3ki dziecko jest zapisane i ucz\u0119szcza do plac\u00f3wki, wsparcie finansowe b\u0119dzie wyp\u0142acane bez przerwy \u2013 a\u017c do momentu zako\u0144czenia opieki lub przej\u015bcia do przedszkola.<\/strong><\/p>\n\n\n\n<p>Wyp\u0142aty realizuje Zak\u0142ad Ubezpiecze\u0144 Spo\u0142ecznych (ZUS), kt\u00f3ry <strong>przekazuje \u015brodki do 20. dnia ka\u017cdego miesi\u0105ca \u2013 z wyr\u00f3wnaniem za miesi\u0105c poprzedni. <\/strong>W praktyce oznacza to, \u017ce op\u0142ata za \u017c\u0142obek w danym miesi\u0105cu zostaje automatycznie pomniejszona o kwot\u0119 \u015bwiadczenia.<\/p>\n\n\n\n<p>Je\u015bli dziecko przestanie korzysta\u0107 z opieki,<strong> rodzic powinien poinformowa\u0107 o tym ZUS \u2013 zapobiegnie to nadp\u0142atom i ewentualnym zwrotom. <\/strong>W przypadku zmiany plac\u00f3wki wystarczy <strong>zaktualizowa\u0107 dane we wniosku, aby \u015bwiadczenie nadal by\u0142o przekazywane do w\u0142a\u015bciwej instytucji.<\/strong><\/p>\n\n\n\n<p>Dzi\u0119ki temu rozwi\u0105zaniu program \u201eAktywnie w \u017c\u0142obku\u201d zapewnia<strong> ci\u0105g\u0142o\u015b\u0107 wsparcia i realnie odci\u0105\u017ca domowy bud\u017cet przez ca\u0142y czas, gdy dziecko znajduje si\u0119 pod opiek\u0105 profesjonalnej plac\u00f3wki.&nbsp;<\/strong><\/p>\n\n\n\n<h2 class=\"wp-block-heading\">Co zrobi\u0107 w przypadku odmowy?<\/h2>\n\n\n\n<p>W niekt\u00f3rych sytuacjach ZUS mo\u017ce odm\u00f3wi\u0107 przyznania \u015bwiadczenia \u201eAktywnie w \u017c\u0142obku\u201d \u2013 <strong>najcz\u0119\u015bciej z powodu brak\u00f3w formalnych, b\u0142\u0119d\u00f3w we wniosku lub niespe\u0142nienia warunk\u00f3w programu. <\/strong>Taka sytuacja mo\u017ce mie\u0107 miejsce np. gdy dziecko nie jest zapisane do zarejestrowanej plac\u00f3wki opieku\u0144czej. Warto pami\u0119ta\u0107, \u017ce <strong>decyzja odmowna nie musi oznacza\u0107 ko\u0144ca post\u0119powania \u2013 rodzic lub opiekun ma prawo si\u0119 od niej odwo\u0142a\u0107.<\/strong><\/p>\n\n\n\n<p>Je\u015bli otrzymasz decyzj\u0119 odmown\u0105, mo\u017cesz <strong>z\u0142o\u017cy\u0107 odwo\u0142anie do Prezesa ZUS w ci\u0105gu 14 dni od daty jej otrzymania. <\/strong>W pi\u015bmie warto jasno <strong>wskaza\u0107 powody, dla kt\u00f3rych nie zgadzasz si\u0119 z decyzj\u0105, oraz do\u0142\u0105czy\u0107 ewentualne dokumenty potwierdzaj\u0105ce Twoje racje<\/strong>. Mo\u017ce to by\u0107 np. potwierdzenie ucz\u0119szczania dziecka do plac\u00f3wki, poprawione dane czy brakuj\u0105ce za\u015bwiadczenie.<\/p>\n\n\n\n<p>Odwo\u0142anie sk\u0142ada si\u0119 elektronicznie, co jest r\u00f3wnie proste jak sam wniosek o \u015bwiadczenie. Mo\u017cesz to zrobi\u0107:<\/p>\n\n\n\n<ul class=\"wp-block-list\">\n<li>przez PUE ZUS,<\/li>\n\n\n\n<li>za po\u015brednictwem portalu Emp@tia,<\/li>\n\n\n\n<li>lub poprzez bankowo\u015b\u0107 elektroniczn\u0105, je\u015bli wniosek by\u0142 sk\u0142adany t\u0105 drog\u0105.<\/li>\n<\/ul>\n\n\n\n<p>Po z\u0142o\u017ceniu odwo\u0142ania ZUS ponownie analizuje spraw\u0119 i \u2013 <strong>je\u015bli wniosek zostanie uzupe\u0142niony lub b\u0142\u0119dy formalne poprawione \u2013 mo\u017ce wyda\u0107 decyzj\u0119 pozytywn\u0105. <\/strong>W wi\u0119kszo\u015bci przypadk\u00f3w ponowne rozpatrzenie odbywa si\u0119 bez konieczno\u015bci wizyty w urz\u0119dzie.<\/p>\n\n\n\n<p>Dzi\u0119ki temu rodzice maj\u0105 pewno\u015b\u0107, \u017ce ka\u017cdy wniosek <strong>jest oceniany indywidualnie<\/strong>, a program \u201eAktywnie w \u017c\u0142obku\u201d pozostaje przejrzysty i dost\u0119pny dla wszystkich, kt\u00f3rzy spe\u0142niaj\u0105 jego warunki.<\/p>\n\n\n\n<h2 class=\"wp-block-heading\">Sprawd\u017a te\u017c inne formy wsparcia dla rodzic\u00f3w<\/h2>\n\n\n\n<p>Program \u201eAktywnie w \u017c\u0142obku\u201d to nie jedyna forma pomocy dla rodzin. <strong>Je\u015bli chcesz dowiedzie\u0107 si\u0119 wi\u0119cej o mo\u017cliwo\u015bciach rozwoju, edukacji i opieki nad dzie\u0107mi \u2013 zajrzyj do zak\u0142adki<\/strong> <a href=\"https:\/\/opiekun.net\/kursy\"><strong>opiekun.net\/kursy<\/strong><\/a><strong>. <\/strong>Znajdziesz tam inspiruj\u0105ce szkolenia i materia\u0142y, kt\u00f3re pomog\u0105 Ci lepiej zrozumie\u0107 \u015bwiat najm\u0142odszych.<\/p>\n\n\n\n<h2 class=\"wp-block-heading\">FAQ \u2013 najcz\u0119\u015bciej zadawane pytania<\/h2>\n\n\n\n<h3 class=\"wp-block-heading\">Czy musz\u0119 mie\u0107 profil PUE ZUS, aby z\u0142o\u017cy\u0107 wniosek \u201eAktywnie w \u017c\u0142obku\u201d?<\/h3>\n\n\n\n<p>Aby z\u0142o\u017cy\u0107 wniosek \u201eAktywnie w \u017c\u0142obku\u201d nale\u017cy posiada\u0107 profil PUE ZUS, ale nie musisz zak\u0142ada\u0107 go samodzielnie \u2013 zostanie on utworzony automatycznie, je\u015bli wniosek o \u015bwiadczenie z\u0142o\u017cysz przez portal Emp@tia lub bankowo\u015b\u0107 elektroniczn\u0105.<\/p>\n\n\n\n<h3 class=\"wp-block-heading\">Wniosek \u201eAktywnie w \u017c\u0142obku\u201d \u2013 czy \u015bwiadczenie przys\u0142uguje na ka\u017cde dziecko?&nbsp;<\/h3>\n\n\n\n<p>\u015awiadczenie w ramach programu \u201eAktywnie w \u017c\u0142obku\u201d przys\u0142uguje na ka\u017cde dziecko, pod warunkiem, \u017ce ka\u017cde z nich ucz\u0119szcza do instytucji opieki i spe\u0142nia warunki programu.<\/p>\n\n\n\n<h3 class=\"wp-block-heading\">Czy \u015bwiadczenie z wniosku \u201eAktywnie w \u017c\u0142obku\u201d wlicza si\u0119 do dochodu rodziny?<\/h3>\n\n\n\n<p>\u015awiadczenie przyznane na podstawie wniosku \u201eAktywnie w \u017c\u0142obku\u201d nie jest opodatkowane i nie wp\u0142ywa na inne formy wsparcia, takie jak zasi\u0142ki rodzinne czy dodatki socjalne.<\/p>\n\n\n\n<h3 class=\"wp-block-heading\">Czy po z\u0142o\u017ceniu wniosku \u201eAktywnie w \u017c\u0142obku\u201d pieni\u0105dze trafiaj\u0105 do rodzica?<\/h3>\n\n\n\n<p>\u015arodki z wniosku \u201eAktywnie w \u017c\u0142obku\u201d przekazywane s\u0105 bezpo\u015brednio do \u017c\u0142obka, klubu dzieci\u0119cego lub dziennego opiekuna, co automatycznie obni\u017ca miesi\u0119czn\u0105 op\u0142at\u0119 za pobyt dziecka.<\/p>\n","protected":false},"excerpt":{"rendered":"<p>\u201eAktywnie w \u017c\u0142obku\u201d to \u015bwiadczenie w ramach programu Aktywny Rodzic, kt\u00f3re pomaga obni\u017cy\u0107 koszty pobytu dziecka w \u017c\u0142obku, klubie dzieci\u0119cym lub u dziennego opiekuna. Program kierowany jest do rodzic\u00f3w i opiekun\u00f3w dzieci. Wsparcie ma na celu obni\u017cenie koszt\u00f3w opieki nad najm\u0142odszymi i u\u0142atwienie rodzicom powrotu do pracy. Przeczytaj poni\u017cszy artyku\u0142, aby dowiedzie\u0107 si\u0119, jak i [&hellip;]<\/p>\n","protected":false},"author":13,"featured_media":1150,"comment_status":"closed","ping_status":"closed","sticky":false,"template":"","format":"standard","meta":{"_lmt_disableupdate":"","_lmt_disable":"","footnotes":""},"categories":[1553],"tags":[],"class_list":["post-1148","post","type-post","status-publish","format-standard","has-post-thumbnail","hentry","category-porady-i-aktualnosci"],"aioseo_notices":[],"modified_by":"Karina Dycha\u0142a","_links":{"self":[{"href":"https:\/\/opiekun.net\/aktualnosci\/wp-json\/wp\/v2\/posts\/1148","targetHints":{"allow":["GET"]}}],"collection":[{"href":"https:\/\/opiekun.net\/aktualnosci\/wp-json\/wp\/v2\/posts"}],"about":[{"href":"https:\/\/opiekun.net\/aktualnosci\/wp-json\/wp\/v2\/types\/post"}],"author":[{"embeddable":true,"href":"https:\/\/opiekun.net\/aktualnosci\/wp-json\/wp\/v2\/users\/13"}],"replies":[{"embeddable":true,"href":"https:\/\/opiekun.net\/aktualnosci\/wp-json\/wp\/v2\/comments?post=1148"}],"version-history":[{"count":3,"href":"https:\/\/opiekun.net\/aktualnosci\/wp-json\/wp\/v2\/posts\/1148\/revisions"}],"predecessor-version":[{"id":1155,"href":"https:\/\/opiekun.net\/aktualnosci\/wp-json\/wp\/v2\/posts\/1148\/revisions\/1155"}],"wp:featuredmedia":[{"embeddable":true,"href":"https:\/\/opiekun.net\/aktualnosci\/wp-json\/wp\/v2\/media\/1150"}],"wp:attachment":[{"href":"https:\/\/opiekun.net\/aktualnosci\/wp-json\/wp\/v2\/media?parent=1148"}],"wp:term":[{"taxonomy":"category","embeddable":true,"href":"https:\/\/opiekun.net\/aktualnosci\/wp-json\/wp\/v2\/categories?post=1148"},{"taxonomy":"post_tag","embeddable":true,"href":"https:\/\/opiekun.net\/aktualnosci\/wp-json\/wp\/v2\/tags?post=1148"}],"curies":[{"name":"wp","href":"https:\/\/api.w.org\/{rel}","templated":true}]}}