{"id":1184,"date":"2025-12-08T10:09:09","date_gmt":"2025-12-08T09:09:09","guid":{"rendered":"https:\/\/opiekun.net\/aktualnosci\/?p=1184"},"modified":"2025-12-08T10:10:26","modified_gmt":"2025-12-08T09:10:26","slug":"pomysly-na-plastyczne-prace-swiateczne-dla-dzieci","status":"publish","type":"post","link":"https:\/\/opiekun.net\/aktualnosci\/pomysly-na-plastyczne-prace-swiateczne-dla-dzieci\/","title":{"rendered":"Pomys\u0142y na plastyczne prace \u015bwi\u0105teczne dla dzieci"},"content":{"rendered":"\n<p>Jakie \u015bwi\u0105teczne prace plastyczne sprawdz\u0105 si\u0119 dla dzieci? To bardzo proste: takie, kt\u00f3re s\u0105<strong> \u0142atwe, bezpieczne i pozwalaj\u0105 eksplorowa\u0107 r\u00f3\u017cne faktury oraz kolory. <\/strong>Sprawd\u017a, jakie propozycje dla Ciebie przygotowali\u015bmy.&nbsp;<\/p>\n\n\n\n<h2 class=\"wp-block-heading\">Jakie \u015bwi\u0105teczne prace plastyczne dla dzieci sprawdzaj\u0105 si\u0119 u najm\u0142odszych?<\/h2>\n\n\n\n<p>\u015awi\u0105teczne prace plastyczne dla dzieci w wieku 1-3 lat powinny <strong>by\u0107 proste, przyjazne dla zdrowia i dawa\u0107 szybki, widoczny efekt.<\/strong> Do\u015bwiadczony <a href=\"https:\/\/opiekun.net\/kursy\/1\" title=\"\">opiekun w \u017c\u0142obku<\/a> wie, \u017ce maluchy najbardziej anga\u017cuj\u0105 si\u0119 w aktywno\u015bci, w kt\u00f3rych mog\u0105 odciska\u0107, przykleja\u0107 i miesza\u0107 materia\u0142y o r\u00f3\u017cnych fakturach. Dlatego to w\u0142a\u015bnie takie prace sprawdz\u0105 si\u0119 u nich najlepiej.\u00a0<\/p>\n\n\n\n<h3 class=\"wp-block-heading\">Pomys\u0142y na \u015bwi\u0105teczne prace plastyczne dla dzieci<\/h3>\n\n\n\n<ol class=\"wp-block-list\">\n<li><strong>Choinka z odcisku d\u0142oni<\/strong> \u2013 maluch odbija d\u0142o\u0144 w zielonej farbie, a nast\u0119pnie dokleja kolorowe \u201ebombki\u201d.<\/li>\n\n\n\n<li><strong>Farbowane gwiazdki<\/strong> \u2013 papierowe gwiazdki malowane g\u0105bk\u0105 lub wacikiem, idealne dla najm\u0142odszych.<\/li>\n\n\n\n<li><strong>Papierowe bombki 3D<\/strong> \u2013 sk\u0142adanie i sklejanie prostych k\u00f3\u0142ek, kt\u00f3re tworz\u0105 przestrzenne ozdoby.<\/li>\n<\/ol>\n\n\n\n<p>Poznaj te\u017c nasze pomys\u0142y na <a href=\"https:\/\/opiekun.net\/aktualnosci\/zabawy-adaptacyjne-w-zlobku-jak-pomoc-dzieciom-poczuc-sie-bezpiecznie\/\">zabawy adaptacyjne<\/a> i <a href=\"https:\/\/opiekun.net\/aktualnosci\/zabawy-konstrukcyjne-w-zlobku-jak-wspierac-rozwoj-i-kreatywnosc-najmlodszych\/\">zabawy konstrukcyjne<\/a>, kt\u00f3re pomog\u0105 Ci <strong>wspiera\u0107 rozw\u00f3j podopiecznych.&nbsp;<\/strong><\/p>\n\n\n\n<h2 class=\"wp-block-heading\">Jak dobiera\u0107 materia\u0142y?&nbsp;<\/h2>\n\n\n\n<p>To bardzo wa\u017cne, aby <strong>uwa\u017cnie dobra\u0107 narz\u0119dzia, tekstury i produkty. <\/strong>Opr\u00f3cz tego, aby by\u0142y one ciekawe, musz\u0105 by\u0107 tak\u017ce:&nbsp;<\/p>\n\n\n\n<ul class=\"wp-block-list\">\n<li><strong>bezpieczne <\/strong>\u2013 nietoksyczne farby, du\u017ce elementy, brak ostrych kraw\u0119dzi;<\/li>\n\n\n\n<li><strong>zr\u00f3\u017cnicowane<\/strong> \u2013 mi\u0119kkie, chropowate, b\u0142yszcz\u0105ce;<\/li>\n\n\n\n<li><strong>kontrastowe<\/strong> \u2013 mocne kolory u\u0142atwiaj\u0105 skupienie uwagi i dostarczaj\u0105 wra\u017ce\u0144 sensorycznych.<\/li>\n<\/ul>\n\n\n\n<figure class=\"wp-block-image size-full\"><img loading=\"lazy\" decoding=\"async\" width=\"1000\" height=\"667\" src=\"https:\/\/opiekun.net\/aktualnosci\/wp-content\/uploads\/2025\/12\/Poznaj-pomysly-na-plastyczne-prace-swiateczne-dla-dzieci.jpg\" alt=\"Poznaj pomys\u0142y na plastyczne prace \u015bwi\u0105teczne dla dzieci\" class=\"wp-image-1187\" srcset=\"https:\/\/opiekun.net\/aktualnosci\/wp-content\/uploads\/2025\/12\/Poznaj-pomysly-na-plastyczne-prace-swiateczne-dla-dzieci.jpg 1000w, https:\/\/opiekun.net\/aktualnosci\/wp-content\/uploads\/2025\/12\/Poznaj-pomysly-na-plastyczne-prace-swiateczne-dla-dzieci-300x200.jpg 300w, https:\/\/opiekun.net\/aktualnosci\/wp-content\/uploads\/2025\/12\/Poznaj-pomysly-na-plastyczne-prace-swiateczne-dla-dzieci-768x512.jpg 768w, https:\/\/opiekun.net\/aktualnosci\/wp-content\/uploads\/2025\/12\/Poznaj-pomysly-na-plastyczne-prace-swiateczne-dla-dzieci-696x464.jpg 696w, https:\/\/opiekun.net\/aktualnosci\/wp-content\/uploads\/2025\/12\/Poznaj-pomysly-na-plastyczne-prace-swiateczne-dla-dzieci-630x420.jpg 630w\" sizes=\"auto, (max-width: 1000px) 100vw, 1000px\" \/><\/figure>\n\n\n\n<h2 class=\"wp-block-heading\">Jak tworzy\u0107 pomys\u0142y na \u015bwi\u0105teczne prace plastyczne dla dzieci?<\/h2>\n\n\n\n<p>Najlepiej <strong>wybiera\u0107 aktywno\u015bci, kt\u00f3re anga\u017cuj\u0105 zmys\u0142y \u2013 dotyk, wzrok, zapach.<\/strong> Idealnie sprawdz\u0105 si\u0119 tu sensoryczne \u015bwi\u0105teczne prace plastyczne. S\u0105 <strong>proste i pozwalaj\u0105 maluchom odkrywa\u0107 r\u00f3\u017cne struktury, zapachy czy konsystencje. <\/strong>Wspieraj\u0105 przy tym rozw\u00f3j:<\/p>\n\n\n\n<ul class=\"wp-block-list\">\n<li>motoryki ma\u0142ej;<\/li>\n\n\n\n<li>koordynacji oko-r\u0119ka;<\/li>\n\n\n\n<li>uwagi i koncentracji.<\/li>\n<\/ul>\n\n\n\n<h3 class=\"wp-block-heading\">Przyk\u0142ady sensorycznych prac \u015bwi\u0105tecznych<\/h3>\n\n\n\n<ul class=\"wp-block-list\">\n<li><strong>\u015awi\u0105teczna masa sensoryczna<\/strong> \u2013 pachn\u0105ca cynamonem lub pomara\u0144cz\u0105;<\/li>\n\n\n\n<li><strong>Brokat spo\u017cywczy<\/strong> \u2013 bezpieczny dla najm\u0142odszych i daj\u0105cy efekt \u201e\u015bniegu\u201d;<\/li>\n\n\n\n<li><strong>Mi\u0119kkie i szorstkie dekoracje<\/strong> \u2013 filc, wata, bibu\u0142a, guziki z tworzywa.<\/li>\n<\/ul>\n\n\n\n<blockquote class=\"wp-block-quote is-layout-flow wp-block-quote-is-layout-flow\">\n<p class=\"has-text-align-center has-medium-font-size\"><a href=\"https:\/\/opiekun.net\/kursy\/1\" title=\"\"><em>SPRAWD\u0179 NASZ KURS OPIEKUNA W \u017b\u0141OBKU I POZNAJ INSPIRACJE NA PLASTYCZNE PRACE DLA DZIECI!<\/em><\/a><\/p>\n<\/blockquote>\n\n\n\n<h2 class=\"wp-block-heading\">Jak urozmaici\u0107 pomys\u0142y na prace plastyczne \u015bwi\u0105teczne dla dzieci?<\/h2>\n\n\n\n<p>Aby zaj\u0119cia by\u0142y ciekawe i r\u00f3\u017cnorodne, warto \u0142\u0105czy\u0107 r\u00f3\u017cne techniki. <strong>Dzi\u0119ki temu dzieci mog\u0105 testowa\u0107 nowe narz\u0119dzia i materia\u0142y oraz rozwija\u0107 kreatywno\u015b\u0107.<\/strong> Oto nasze pomys\u0142y na urozmaicenie prac:&nbsp;<\/p>\n\n\n\n<ul class=\"wp-block-list\">\n<li><strong>Kola\u017c + malowanie<\/strong> \u2013 tworzenie \u015bwi\u0105tecznych scenek z element\u00f3w wyci\u0119tych z kolorowego papieru;<\/li>\n\n\n\n<li><strong>Stemple + plastelina<\/strong> \u2013 odciskanie kszta\u0142t\u00f3w i dodawanie tr\u00f3jwymiarowych detali;<\/li>\n\n\n\n<li><strong>Recyklingowe ozdoby<\/strong> \u2013 wykorzystywanie rolek, karton\u00f3w i zakr\u0119tek do tworzenia dekoracji.<\/li>\n<\/ul>\n\n\n\n<p>Warto te\u017c organizowa\u0107 prace grupowe, np. <strong>du\u017ce wsp\u00f3lne plakaty, albo prace indywidualne, kt\u00f3re dzieci zabieraj\u0105 do domu.&nbsp;<\/strong><\/p>\n\n\n\n<p>Warto pami\u0119ta\u0107, \u017ce w pierwszych latach \u017cycia m\u00f3zg dziecka rozwija si\u0119 w niezwykle szybkim tempie. Harvard Center on the Developing Child podaje, \u017ce w tym okresie powstaje nawet <strong>1 milion nowych po\u0142\u0105cze\u0144 neuronalnych na sekund\u0119<\/strong>. To w\u0142a\u015bnie dlatego proste \u015bwi\u0105teczne prace plastyczne <strong>maj\u0105 tak ogromne znaczenie dla rozwoju zmys\u0142\u00f3w, motoryki i kreatywno\u015bci. <\/strong>A je\u015bli chcesz pozna\u0107 wi\u0119cej inspiracji do pracy z najm\u0142odszymi \u2013 sprawd\u017a nasz kurs na <a href=\"https:\/\/opiekun.net\/kursy\/1\" title=\"\">opiekuna w \u017c\u0142obku<\/a>.\u00a0<\/p>\n\n\n\n<h2 class=\"wp-block-heading\">FAQ<\/h2>\n\n\n\n<h3 class=\"wp-block-heading\">Jakie \u015bwi\u0105teczne prace plastyczne dla dzieci s\u0105 najprostsze do wykonania?<\/h3>\n\n\n\n<p>Najprostsze b\u0119d\u0105 prace z odciskami d\u0142oni, malowanie g\u0105bk\u0105 lub przyklejanie du\u017cych element\u00f3w \u2013 idealne dla maluch\u00f3w 1-3.<\/p>\n\n\n\n<h3 class=\"wp-block-heading\">Kt\u00f3re pomys\u0142y na \u015bwi\u0105teczne prace plastyczne dla dzieci rozwijaj\u0105 motoryk\u0119 ma\u0142\u0105?<\/h3>\n\n\n\n<p>Najlepiej sprawdzaj\u0105 si\u0119 projekty, w kt\u00f3rych dzieci lepi\u0105, odciskaj\u0105, naklejaj\u0105 lub przesypuj\u0105 materia\u0142y o r\u00f3\u017cnych fakturach.<\/p>\n\n\n\n<h3 class=\"wp-block-heading\">Jakie prace plastyczne \u015bwi\u0105teczne dla dzieci s\u0105 najbezpieczniejsze?<\/h3>\n\n\n\n<p>Takie, kt\u00f3re wykorzystuj\u0105 du\u017ce elementy, nietoksyczne farby, mi\u0119kkie materia\u0142y i nie zawieraj\u0105 drobnych, \u0142atwych do po\u0142kni\u0119cia cz\u0119\u015bci.<\/p>\n\n\n\n<h3 class=\"wp-block-heading\">Jak urozmaici\u0107 pomys\u0142y na prace plastyczne \u015bwi\u0105teczne dla dzieci w \u017c\u0142obku?<\/h3>\n\n\n\n<p>Warto \u0142\u0105czy\u0107 techniki, wprowadza\u0107 elementy sensoryczne i proponowa\u0107 prace grupowe, kt\u00f3re wzmacniaj\u0105 wsp\u00f3\u0142prac\u0119 mi\u0119dzy dzie\u0107mi.<\/p>\n","protected":false},"excerpt":{"rendered":"<p>Jakie \u015bwi\u0105teczne prace plastyczne sprawdz\u0105 si\u0119 dla dzieci? To bardzo proste: takie, kt\u00f3re s\u0105 \u0142atwe, bezpieczne i pozwalaj\u0105 eksplorowa\u0107 r\u00f3\u017cne faktury oraz kolory. Sprawd\u017a, jakie propozycje dla Ciebie przygotowali\u015bmy.&nbsp; Jakie \u015bwi\u0105teczne prace plastyczne dla dzieci sprawdzaj\u0105 si\u0119 u najm\u0142odszych? \u015awi\u0105teczne prace plastyczne dla dzieci w wieku 1-3 lat powinny by\u0107 proste, przyjazne dla zdrowia i [&hellip;]<\/p>\n","protected":false},"author":13,"featured_media":1186,"comment_status":"closed","ping_status":"closed","sticky":false,"template":"","format":"standard","meta":{"_lmt_disableupdate":"","_lmt_disable":"","footnotes":""},"categories":[1],"tags":[],"class_list":["post-1184","post","type-post","status-publish","format-standard","has-post-thumbnail","hentry","category-bez-kategorii"],"aioseo_notices":[],"modified_by":"Karina Dycha\u0142a","_links":{"self":[{"href":"https:\/\/opiekun.net\/aktualnosci\/wp-json\/wp\/v2\/posts\/1184","targetHints":{"allow":["GET"]}}],"collection":[{"href":"https:\/\/opiekun.net\/aktualnosci\/wp-json\/wp\/v2\/posts"}],"about":[{"href":"https:\/\/opiekun.net\/aktualnosci\/wp-json\/wp\/v2\/types\/post"}],"author":[{"embeddable":true,"href":"https:\/\/opiekun.net\/aktualnosci\/wp-json\/wp\/v2\/users\/13"}],"replies":[{"embeddable":true,"href":"https:\/\/opiekun.net\/aktualnosci\/wp-json\/wp\/v2\/comments?post=1184"}],"version-history":[{"count":1,"href":"https:\/\/opiekun.net\/aktualnosci\/wp-json\/wp\/v2\/posts\/1184\/revisions"}],"predecessor-version":[{"id":1188,"href":"https:\/\/opiekun.net\/aktualnosci\/wp-json\/wp\/v2\/posts\/1184\/revisions\/1188"}],"wp:featuredmedia":[{"embeddable":true,"href":"https:\/\/opiekun.net\/aktualnosci\/wp-json\/wp\/v2\/media\/1186"}],"wp:attachment":[{"href":"https:\/\/opiekun.net\/aktualnosci\/wp-json\/wp\/v2\/media?parent=1184"}],"wp:term":[{"taxonomy":"category","embeddable":true,"href":"https:\/\/opiekun.net\/aktualnosci\/wp-json\/wp\/v2\/categories?post=1184"},{"taxonomy":"post_tag","embeddable":true,"href":"https:\/\/opiekun.net\/aktualnosci\/wp-json\/wp\/v2\/tags?post=1184"}],"curies":[{"name":"wp","href":"https:\/\/api.w.org\/{rel}","templated":true}]}}