{"id":1185,"date":"2025-12-08T10:36:43","date_gmt":"2025-12-08T09:36:43","guid":{"rendered":"https:\/\/opiekun.net\/aktualnosci\/?p=1185"},"modified":"2025-12-08T10:37:18","modified_gmt":"2025-12-08T09:37:18","slug":"jakie-zajecia-zimowe-w-zlobku-sprawdzaja-sie-najlepiej","status":"publish","type":"post","link":"https:\/\/opiekun.net\/aktualnosci\/jakie-zajecia-zimowe-w-zlobku-sprawdzaja-sie-najlepiej\/","title":{"rendered":"Jakie zaj\u0119cia zimowe w \u017c\u0142obku sprawdzaj\u0105 si\u0119 najlepiej?"},"content":{"rendered":"\n<p>Jakie zaj\u0119cia zimowe w \u017c\u0142obku sprawdzaj\u0105 si\u0119 najlepiej? Te, kt\u00f3re<strong> \u0142\u0105cz\u0105 ruch, sensoryk\u0119 i prost\u0105 edukacj\u0119<\/strong> \u2013 bez wychodzenia na mr\u00f3z, ale z du\u017c\u0105 dawk\u0105 zimowej atmosfery. Sprawd\u017a, jakie propozycje dla Ciebie przygotowali\u015bmy!&nbsp;<\/p>\n\n\n\n<h2 class=\"wp-block-heading\">Jak zorganizowa\u0107 bezpieczne i kreatywne zimowe zaj\u0119cia w \u017c\u0142obku?<\/h2>\n\n\n\n<p>Zimowe zaj\u0119cia w \u017c\u0142obku powinny by\u0107 <strong>proste do przeprowadzenia, a jednocze\u015bnie pobudza\u0107 zmys\u0142y i ciekawo\u015b\u0107 najm\u0142odszych. <\/strong>W tym okresie warto te\u017c wprowadzi\u0107 do zabaw:<\/p>\n\n\n\n<ul class=\"wp-block-list\">\n<li><strong>tematyczne kontrasty<\/strong> \u2013 biel + granat;<\/li>\n\n\n\n<li><strong>poj\u0119cia<\/strong> \u2013 zimno, \u015bnieg, mr\u00f3z;<\/li>\n\n\n\n<li><strong>d\u017awi\u0119ki zimy<\/strong> \u2013 grzechotki jako \u201egrad\u201d, powiewy wiatru z folii.<\/li>\n<\/ul>\n\n\n\n<h3 class=\"wp-block-heading\">Przyk\u0142adowe aktywno\u015bci sensoryczne<\/h3>\n\n\n\n<ol class=\"wp-block-list\">\n<li><strong>Sztuczny \u015bnieg<\/strong> \u2013 mi\u0119kka, sypka masa przygotowana z m\u0105ki i oleju lub gotowych, bezpiecznych mieszanek. Dzieci mog\u0105 j\u0105 ugniata\u0107, przesypywa\u0107 i formowa\u0107, \u0107wicz\u0105c chwyt i koordynacj\u0119.<\/li>\n\n\n\n<li><strong>Zimowe tacki Montessori<\/strong> \u2013 zestawy z miseczkami, puchatymi kuleczkami, \u201e\u015bnie\u017cynkami\u201d z pompon\u00f3w i szczypcami. Dzi\u0119ki nim maluchy rozwijaj\u0105 motoryk\u0119 ma\u0142\u0105, sortuj\u0105c i przenosz\u0105c elementy.<\/li>\n\n\n\n<li><strong>Dotykowe \u015bcie\u017cki \u201elodowe\u201d<\/strong> \u2013 sensoryczne maty z powierzchniami o r\u00f3\u017cnej temperaturze i fakturze (zimne, g\u0142adkie, chropowate), po kt\u00f3rych dzieci mog\u0105 chodzi\u0107 lub przesuwa\u0107 d\u0142onie, poznaj\u0105c kontrasty w dotyku.<\/li>\n<\/ol>\n\n\n\n<p>Co wa\u017cne \u2013 podczas aktywno\u015bci <strong>wykorzystuj materia\u0142y, kt\u00f3re nie tylko maj\u0105 r\u00f3\u017cne faktury i pozwalaj\u0105 dzieciom eksperymentowa\u0107<\/strong>, ale te\u017c s\u0105 <strong>w pe\u0142ni bezpieczne i dostosowane do wieku maluch\u00f3w<\/strong>. Je\u015bli chcesz dowiedzie\u0107 si\u0119 wi\u0119cej o tym, jak profesjonalnie organizowa\u0107 zaj\u0119cia w \u017c\u0142obku, sprawd\u017a nasze <a href=\"https:\/\/opiekun.net\/kursy\/1\" title=\"\">Szkolenie na Opiekuna w \u017b\u0142obku<\/a>, dost\u0119pne na opiekun.net.\u00a0<\/p>\n\n\n\n<figure class=\"wp-block-image size-full\"><img loading=\"lazy\" decoding=\"async\" width=\"1000\" height=\"667\" src=\"https:\/\/opiekun.net\/aktualnosci\/wp-content\/uploads\/2025\/12\/Jakie-zajecia-zimowe-w-zlobku-1.jpg\" alt=\"Jakie zaj\u0119cia zimowe w \u017c\u0142obku\" class=\"wp-image-1191\" srcset=\"https:\/\/opiekun.net\/aktualnosci\/wp-content\/uploads\/2025\/12\/Jakie-zajecia-zimowe-w-zlobku-1.jpg 1000w, https:\/\/opiekun.net\/aktualnosci\/wp-content\/uploads\/2025\/12\/Jakie-zajecia-zimowe-w-zlobku-1-300x200.jpg 300w, https:\/\/opiekun.net\/aktualnosci\/wp-content\/uploads\/2025\/12\/Jakie-zajecia-zimowe-w-zlobku-1-768x512.jpg 768w, https:\/\/opiekun.net\/aktualnosci\/wp-content\/uploads\/2025\/12\/Jakie-zajecia-zimowe-w-zlobku-1-696x464.jpg 696w, https:\/\/opiekun.net\/aktualnosci\/wp-content\/uploads\/2025\/12\/Jakie-zajecia-zimowe-w-zlobku-1-630x420.jpg 630w\" sizes=\"auto, (max-width: 1000px) 100vw, 1000px\" \/><\/figure>\n\n\n\n<h2 class=\"wp-block-heading\">Jakie zimowe zaj\u0119cia ruchowe sprawdz\u0105 si\u0119 u najm\u0142odszych?<\/h2>\n\n\n\n<p>Zabawy zimowe w \u017c\u0142obku powinny zach\u0119ca\u0107 do ruchu, <strong>ale nie wymaga\u0107 skomplikowanej koordynacji. <\/strong>Najlepiej sprawdzaj\u0105 si\u0119 aktywno\u015bci tematyczne, kt\u00f3re rozwijaj\u0105 r\u00f3wnowag\u0119, skoczno\u015b\u0107 i orientacj\u0119 w przestrzeni.<\/p>\n\n\n\n<h3 class=\"wp-block-heading\">Pomys\u0142y na ruchowe zaj\u0119cia zimowe<\/h3>\n\n\n\n<ul class=\"wp-block-list\">\n<li><strong>Mini-tor przeszk\u00f3d \u201ezimowa kraina\u201d<\/strong> \u2013 tunele-igloo, skoki po \u201elodowych\u201d matach, przej\u015bcia po tasiemkach jako \u201e\u015bnie\u017cne \u015bcie\u017cki\u201d.<\/li>\n\n\n\n<li><strong>Dmuchany bieg pingwink\u00f3w<\/strong> \u2013 dzieci za pomoc\u0105 dmuchania przesuwaj\u0105 pi\u0142ki pingpongowe do mety.<\/li>\n\n\n\n<li><strong>Taniec \u015bnie\u017cynek<\/strong> \u2013 dzieci wykorzystuj\u0105 chusty, wst\u0105\u017cki i lekkie materia\u0142y imituj\u0105ce spadaj\u0105ce p\u0142atki \u015bniegu.<\/li>\n<\/ul>\n\n\n\n<blockquote class=\"wp-block-quote is-layout-flow wp-block-quote-is-layout-flow\">\n<p class=\"has-text-align-center has-medium-font-size\"><em><a href=\"https:\/\/opiekun.net\/kursy\/1\" title=\"\">SPRAWD\u0179 NASZE SZKOLENIE NA OPIEKUNA W \u017b\u0141OBKU I NAUCZ SI\u0118 PLANOWA\u0106 ZABAWY NA KA\u017bD\u0104 POR\u0118 ROKU!<\/a><\/em><\/p>\n<\/blockquote>\n\n\n\n<h2 class=\"wp-block-heading\">Jakie zaj\u0119cia plastyczne i sensoryczne wprowadz\u0105 dzieci w zimowy klimat?<\/h2>\n\n\n\n<p>Zimowe zaj\u0119cia w \u017c\u0142obku doskonale \u0142\u0105cz\u0105 plastyk\u0119 z sensoryk\u0105. <strong>Dzieci mog\u0105 dotyka\u0107, wyciska\u0107, rozciera\u0107 i \u0142\u0105czy\u0107 materia\u0142y, kt\u00f3re kojarz\u0105 si\u0119 z zim\u0105. <\/strong>Dodatkowo prace plastyczne mo\u017cna p\u00f3\u017aniej zawiesi\u0107 w sali, tworz\u0105c zimow\u0105 dekoracj\u0119 sali.<\/p>\n\n\n\n<h3 class=\"wp-block-heading\">Pomys\u0142y na zimowe prace<\/h3>\n\n\n\n<ul class=\"wp-block-list\">\n<li><strong>Malowanie lodem <\/strong>\u2013 zamro\u017cona farba w kostkach, kt\u00f3ra po rozpuszczeniu zostawia delikatne smugi;<\/li>\n\n\n\n<li><strong>Bia\u0142e stempelki<\/strong> \u2013 farby nanoszone kawa\u0142kami g\u0105bki lub rolkami;<\/li>\n\n\n\n<li><strong>Bezpieczny brokat<\/strong> \u2013 wi\u0119ksze, spo\u017cywcze drobinki imituj\u0105ce \u015bnieg;<\/li>\n\n\n\n<li><strong>Prace grupowe<\/strong> \u2013 du\u017ca \u201ezimowa panorama\u201d wyklejana wat\u0105, foli\u0105, materia\u0142ami o r\u00f3\u017cnych fakturach.<\/li>\n<\/ul>\n\n\n\n<p>Wi\u0119cej inspiracji znajdziesz tutaj: pomys\u0142y na plastyczne prace \u015bwi\u0105teczne dla dzieci.&nbsp;<\/p>\n\n\n\n<p>Zimowe zaj\u0119cia w \u017c\u0142obku to kolejna okazja, by skutecznie wspiera\u0107 rozw\u00f3j dzieci. Wystarczy po\u0142\u0105czy\u0107<strong> ruch, plastyk\u0119 i zabawy tematyczne<\/strong>! Chcesz tworzy\u0107 jeszcze ciekawsze i bardziej anga\u017cuj\u0105ce zaj\u0119cia dla najm\u0142odszych? Sprawd\u017a nasze <a href=\"https:\/\/opiekun.net\/kursy\/1\" title=\"\">Szkolenie na Opiekuna w \u017b\u0142obku<\/a>, kt\u00f3re nauczy Ci\u0119 planowa\u0107 bezpieczne, tw\u00f3rcze i rozwojowe aktywno\u015bci.\u00a0<\/p>\n\n\n\n<h2 class=\"wp-block-heading\">FAQ<\/h2>\n\n\n\n<h3 class=\"wp-block-heading\">Jakie zaj\u0119cia zimowe w \u017c\u0142obku s\u0105 odpowiednie dla rocznych dzieci?<\/h3>\n\n\n\n<p>Zaj\u0119cia zimowe w \u017c\u0142obku dla roczniak\u00f3w powinny by\u0107 bardzo proste, najlepiej sensoryczne, takie jak dotykowe \u015bcie\u017cki, masa \u201e\u015bniegowa\u201d czy malowanie kontrastowymi kolorami.<\/p>\n\n\n\n<h3 class=\"wp-block-heading\">Jak zorganizowa\u0107 zabawy zimowe w \u017c\u0142obku, je\u015bli nie mo\u017cna wyj\u015b\u0107 na dw\u00f3r?<\/h3>\n\n\n\n<p>Zabawy zimowe w \u017c\u0142obku bez wychodzenia na zewn\u0105trz mo\u017cna zorganizowa\u0107, tworz\u0105c tor przeszk\u00f3d, zabawy taneczne z chustami lub zimowe tacki sensoryczne.<\/p>\n\n\n\n<h3 class=\"wp-block-heading\">Jakie zimowe zaj\u0119cia w \u017c\u0142obku wspieraj\u0105 rozw\u00f3j motoryki ma\u0142ej?<\/h3>\n\n\n\n<p>Motoryk\u0119 ma\u0142\u0105 najlepiej rozwijaj\u0105 zimowe zaj\u0119cia w \u017c\u0142obku oparte na dotyku i manipulacji materia\u0142ami, takie jak malowanie lodem, wyklejanki z waty czy przesypywanie \u201e\u015bnie\u017cnych\u201d pomponik\u00f3w.<\/p>\n\n\n\n<h3 class=\"wp-block-heading\">Co przygotowa\u0107 na zimowe prace plastyczne w \u017c\u0142obku?<\/h3>\n\n\n\n<p>Na zimowe prace plastyczne w \u017c\u0142obku warto przygotowa\u0107 farby w ch\u0142odnych kolorach, g\u0105bki, wat\u0119, foli\u0119 aluminiow\u0105, brokat spo\u017cywczy i materia\u0142y o r\u00f3\u017cnorodnych fakturach.<\/p>\n","protected":false},"excerpt":{"rendered":"<p>Jakie zaj\u0119cia zimowe w \u017c\u0142obku sprawdzaj\u0105 si\u0119 najlepiej? Te, kt\u00f3re \u0142\u0105cz\u0105 ruch, sensoryk\u0119 i prost\u0105 edukacj\u0119 \u2013 bez wychodzenia na mr\u00f3z, ale z du\u017c\u0105 dawk\u0105 zimowej atmosfery. Sprawd\u017a, jakie propozycje dla Ciebie przygotowali\u015bmy!&nbsp; Jak zorganizowa\u0107 bezpieczne i kreatywne zimowe zaj\u0119cia w \u017c\u0142obku? Zimowe zaj\u0119cia w \u017c\u0142obku powinny by\u0107 proste do przeprowadzenia, a jednocze\u015bnie pobudza\u0107 zmys\u0142y [&hellip;]<\/p>\n","protected":false},"author":13,"featured_media":1189,"comment_status":"closed","ping_status":"closed","sticky":false,"template":"","format":"standard","meta":{"_lmt_disableupdate":"","_lmt_disable":"","footnotes":""},"categories":[1],"tags":[],"class_list":["post-1185","post","type-post","status-publish","format-standard","has-post-thumbnail","hentry","category-bez-kategorii"],"aioseo_notices":[],"modified_by":"Karina Dycha\u0142a","_links":{"self":[{"href":"https:\/\/opiekun.net\/aktualnosci\/wp-json\/wp\/v2\/posts\/1185","targetHints":{"allow":["GET"]}}],"collection":[{"href":"https:\/\/opiekun.net\/aktualnosci\/wp-json\/wp\/v2\/posts"}],"about":[{"href":"https:\/\/opiekun.net\/aktualnosci\/wp-json\/wp\/v2\/types\/post"}],"author":[{"embeddable":true,"href":"https:\/\/opiekun.net\/aktualnosci\/wp-json\/wp\/v2\/users\/13"}],"replies":[{"embeddable":true,"href":"https:\/\/opiekun.net\/aktualnosci\/wp-json\/wp\/v2\/comments?post=1185"}],"version-history":[{"count":1,"href":"https:\/\/opiekun.net\/aktualnosci\/wp-json\/wp\/v2\/posts\/1185\/revisions"}],"predecessor-version":[{"id":1192,"href":"https:\/\/opiekun.net\/aktualnosci\/wp-json\/wp\/v2\/posts\/1185\/revisions\/1192"}],"wp:featuredmedia":[{"embeddable":true,"href":"https:\/\/opiekun.net\/aktualnosci\/wp-json\/wp\/v2\/media\/1189"}],"wp:attachment":[{"href":"https:\/\/opiekun.net\/aktualnosci\/wp-json\/wp\/v2\/media?parent=1185"}],"wp:term":[{"taxonomy":"category","embeddable":true,"href":"https:\/\/opiekun.net\/aktualnosci\/wp-json\/wp\/v2\/categories?post=1185"},{"taxonomy":"post_tag","embeddable":true,"href":"https:\/\/opiekun.net\/aktualnosci\/wp-json\/wp\/v2\/tags?post=1185"}],"curies":[{"name":"wp","href":"https:\/\/api.w.org\/{rel}","templated":true}]}}