{"id":200,"date":"2018-03-09T12:13:00","date_gmt":"2018-03-09T11:13:00","guid":{"rendered":"http:\/\/opiekun.net\/aktualnosci\/?p=200"},"modified":"2023-09-05T11:34:14","modified_gmt":"2023-09-05T09:34:14","slug":"opiekun-dzienny-jakie-sa-wymagania-w-tej-pracy-2","status":"publish","type":"post","link":"https:\/\/opiekun.net\/aktualnosci\/opiekun-dzienny-jakie-sa-wymagania-w-tej-pracy-2\/","title":{"rendered":"Opiekun dzienny, jakie s\u0105 wymagania w tej pracy?"},"content":{"rendered":"<p><span style=\"font-weight: 400;\">Opieka dzienna nad dzie\u0107mi musi odbywa\u0107 si\u0119 w bezpiecznych warunkach i by\u0107 prowadzona przez odpowiednio przygotowan\u0105 do tej roli osob\u0119. Bezpiecze\u0144stwo maluch\u00f3w stanowi zawsze priorytet dla rodzic\u00f3w, a tak\u017ce opiekun\u00f3w. W dalszej cz\u0119\u015bci artyku\u0142u przedstawimy wymogi jak zosta\u0107 opiekunem dziennym, a tak\u017ce czym zajmuje si\u0119 osoba na tym stanowisku.<\/span><\/p>\n<h2><span style=\"font-weight: 400;\">Dzienny opiekun \u2013 co to znaczy? Definicja prawna<\/span><\/h2>\n<p><span style=\"font-weight: 400;\">Wed\u0142ug Ustawy z dnia 4 lutego 2011 r. o opiece nad dzie\u0107mi w wieku do lat 3, kt\u00f3ra reguluje kwestie zwi\u0105zane z organizacj\u0105 oraz funkcjonowaniem opieki nad maluchami<\/span><b>, dziennym opiekunem jest: \u201cosoba fizyczna<\/b><span style=\"font-weight: 400;\">:<\/span><\/p>\n<ul>\n<li><span style=\"font-weight: 400;\">prowadz\u0105ca dzia\u0142alno\u015b\u0107 na w\u0142asny rachunek albo<\/span><\/li>\n<li><span style=\"font-weight: 400;\">zatrudniana przez podmioty (&#8230;) na podstawie umowy o prac\u0119 albo umowy o \u015bwiadczenie us\u0142ug, do kt\u00f3rej zgodnie z przepisami Kodeksu cywilnego stosuje si\u0119 przepisy dotycz\u0105ce zlecenia\u201d.<\/span><\/li>\n<\/ul>\n<h2><span style=\"font-weight: 400;\">Dzienny opiekun \u2013 kto to?<\/span><\/h2>\n<p><b>Opiekun dzienny to osoba, kt\u00f3ra zajmuje si\u0119 opiek\u0105 nad dzie\u0107mi w wieku od 20. tygodnia \u017cycia do uko\u0144czenia 3 lat<\/b><span style=\"font-weight: 400;\">, <\/span><span style=\"font-weight: 400;\">w ilo\u015bci do maksymalnie pi\u0119ciu dzieci.<\/span><span style=\"font-weight: 400;\"> Jego dzia\u0142ania maj\u0105 na celu obj\u0119cie trosk\u0105 maluchy w zakresie piel\u0119gnacji, edukacji i wychowania, a ponadto odpowiada on za prawid\u0142owe stymulowanie rozwoju dziecka. Ma on obowi\u0105zek zapewni\u0107 maluchowi opiek\u0119 w warunkach bytowych zbli\u017conych do warunk\u00f3w domowych.<\/span><\/p>\n<p><span style=\"font-weight: 400;\">Opieka dzienna dla dzieci daje mo\u017cliwo\u015b\u0107 organizowania instytucjonalnej opieki w \u017c\u0142obku lub klubie malucha, ale tak\u017ce prowadzenia samodzielnej formy opieki, szczeg\u00f3lnie w miejscowo\u015bciach, gdzie nie ma potrzeby otwierania \u017c\u0142obka ze wzgl\u0119du na ma\u0142\u0105 ilo\u015b\u0107 dzieci.<\/span><\/p>\n<h2><span style=\"font-weight: 400;\">Kiedy mo\u017cna zosta\u0107 opiekunem dziennym?<\/span><\/h2>\n<p><span style=\"font-weight: 400;\">Osoba chc\u0105ca podj\u0105\u0107 zatrudnienie jako dzienny opiekun dziecka mo\u017ce pracowa\u0107 w tym charakterze, o ile <\/span><b>spe\u0142nia okre\u015blone ustaw\u0105 wymogi, a tak\u017ce ma do tego odpowiednie przeszkolenie<\/b><span style=\"font-weight: 400;\">. Co wi\u0119cej, kandydatka na opiekunk\u0119 dzienn\u0105 powinna mie\u0107 pewne cechy charakteru, takie jak:<\/span><\/p>\n<ul>\n<li><span style=\"font-weight: 400;\">odpowiedzialno\u015b\u0107,\u00a0<\/span><\/li>\n<li><span style=\"font-weight: 400;\">kreatywno\u015b\u0107,\u00a0<\/span><\/li>\n<li><span style=\"font-weight: 400;\">empatyczno\u015b\u0107,\u00a0<\/span><\/li>\n<li><span style=\"font-weight: 400;\">cierpliwo\u015b\u0107;<\/span><\/li>\n<li><span style=\"font-weight: 400;\">zaanga\u017cowanie.<\/span><\/li>\n<\/ul>\n<blockquote><p><a href=\"https:\/\/opiekun.net\/kursy\/4\/szkolenie-dla-dziennego-opiekuna\"><span style=\"font-weight: 400;\">Zapisz si\u0119 na \u201cSzkolenie dla Dziennego Opiekuna\u201d, by zdoby\u0107 wiedz\u0119 z zakresu dziennej opieki nad dzie\u0107mi<\/span><\/a><\/p><\/blockquote>\n<h2><span style=\"font-weight: 400;\">Wymogi jak zosta\u0107 opiekunem dziennym<\/span><\/h2>\n<p><span style=\"font-weight: 400;\">Aby sprawowa\u0107 opiek\u0119 dzienn\u0105 nad dzie\u0107mi, nale\u017cy <\/span><b>spe\u0142nia\u0107 okre\u015blone w ustawie wymagania, kt\u00f3re zosta\u0142y opracowane w celu zapewnienia maluchom bezpiecze\u0144stwa<\/b><span style=\"font-weight: 400;\">. W zwi\u0105zku z tym dziennym opiekunem mo\u017ce by\u0107 osoba, kt\u00f3ra:<\/span><\/p>\n<ul>\n<li><span style=\"font-weight: 400;\">daje r\u0119kojmi\u0119 nale\u017cytego sprawowania opieki nad dzie\u0107mi;<\/span><\/li>\n<li><span style=\"font-weight: 400;\">nie jest pozbawiona i nie ma ograniczenia w\u0142adzy rodzicielskiej;<\/span><\/li>\n<li><span style=\"font-weight: 400;\">w<\/span><span style=\"font-weight: 400;\">ype\u0142nia obowi\u0105zek alimentacyjny;<\/span><\/li>\n<li><span style=\"font-weight: 400;\">nie zosta\u0142a skazana prawomocnym wyrokiem za umy\u015blne przest\u0119pstwo lub na tle seksualnym;<\/span><\/li>\n<li><span style=\"font-weight: 400;\">posiada wiedz\u0119 i kompetencje niezb\u0119dne do wykonywania tej pracy;<\/span><\/li>\n<li><span style=\"font-weight: 400;\">odby\u0142a szkolenie z udzielania pierwszej pomocy.<\/span><\/li>\n<\/ul>\n<p><img loading=\"lazy\" decoding=\"async\" class=\"aligncenter wp-image-693 size-full\" src=\"https:\/\/opiekun.net\/aktualnosci\/wp-content\/uploads\/2018\/03\/dzienny-opiekun-wymagania.jpg\" alt=\"dzienny opiekun wymagania\" width=\"5567\" height=\"3017\" srcset=\"https:\/\/opiekun.net\/aktualnosci\/wp-content\/uploads\/2018\/03\/dzienny-opiekun-wymagania.jpg 5567w, https:\/\/opiekun.net\/aktualnosci\/wp-content\/uploads\/2018\/03\/dzienny-opiekun-wymagania-300x163.jpg 300w, https:\/\/opiekun.net\/aktualnosci\/wp-content\/uploads\/2018\/03\/dzienny-opiekun-wymagania-768x416.jpg 768w, https:\/\/opiekun.net\/aktualnosci\/wp-content\/uploads\/2018\/03\/dzienny-opiekun-wymagania-1024x555.jpg 1024w, https:\/\/opiekun.net\/aktualnosci\/wp-content\/uploads\/2018\/03\/dzienny-opiekun-wymagania-696x377.jpg 696w, https:\/\/opiekun.net\/aktualnosci\/wp-content\/uploads\/2018\/03\/dzienny-opiekun-wymagania-1068x579.jpg 1068w, https:\/\/opiekun.net\/aktualnosci\/wp-content\/uploads\/2018\/03\/dzienny-opiekun-wymagania-775x420.jpg 775w\" sizes=\"auto, (max-width: 5567px) 100vw, 5567px\" \/><\/p>\n<h2><span style=\"font-weight: 400;\">Jak <\/span><span style=\"font-weight: 400;\">zosta\u0107 dziennym opiekunem? Kszta\u0142cenie dziennego opiekuna<\/span><\/h2>\n<p><b>Warto zdecydowa\u0107 si\u0119 na \u201c<\/b><a title=\"Szkolenie dla Dziennego Opiekuna\" href=\"https:\/\/opiekun.net\/kursy\/4\/szkolenie-dla-dziennego-opiekuna\"><b>Szkolenie dla Dziennego Opiekuna<\/b><\/a><b>\u201d online <\/b><span style=\"font-weight: 400;\">oferowane przez nasz\u0105 plac\u00f3wk\u0119, kt\u00f3re kompleksowo omawia tematy dotycz\u0105ce dziennej opieki nad dzie\u0107mi. Jest to<\/span><span style=\"font-weight: 400;\"> doskona\u0142e rozwi\u0105zanie dla ka\u017cdej osoby ceni\u0105cej sobie:<\/span><\/p>\n<ul>\n<li><span style=\"font-weight: 400;\">komfort nauki w wybranym przez siebie miejscu,\u00a0<\/span><\/li>\n<li><span style=\"font-weight: 400;\">\u0142atwo\u015b\u0107 dost\u0119pu do materia\u0142\u00f3w,<\/span><\/li>\n<li><span style=\"font-weight: 400;\">zgodno\u015b\u0107 tre\u015bci ze wszelkimi standardami,<\/span><\/li>\n<li><span style=\"font-weight: 400;\">oszcz\u0119dno\u015b\u0107 czasu na dojazdy.<\/span><\/li>\n<\/ul>\n<p><span style=\"font-weight: 400;\">Nale\u017cy doda\u0107, \u017ce tre\u015b\u0107 materia\u0142\u00f3w zgodna jest z wymogami MPiPS, a <\/span><b>absolwent \u201cSzkolenia dla Dziennego Opiekuna\u201d<\/b><b> otrzymuje za\u015bwiadczenie o uko\u0144czeniu kursu<\/b><span style=\"font-weight: 400;\"> potwierdzaj\u0105ce nabyte umiej\u0119tno\u015bci zgodne z obowi\u0105zuj\u0105cym wzorem MPiPS. Ponadto nie trzeba odnawia\u0107 uzyskanych dokument\u00f3w, poniewa\u017c s\u0105 one do\u017cywotnie i zapewniaj\u0105 pe\u0142ne wymagane kwalifikacje.<\/span><\/p>\n","protected":false},"excerpt":{"rendered":"<p>Opieka dzienna nad dzie\u0107mi musi odbywa\u0107 si\u0119 w bezpiecznych warunkach i by\u0107 prowadzona przez odpowiednio przygotowan\u0105 do tej roli osob\u0119. Bezpiecze\u0144stwo maluch\u00f3w stanowi zawsze priorytet dla rodzic\u00f3w, a tak\u017ce opiekun\u00f3w. W dalszej cz\u0119\u015bci artyku\u0142u przedstawimy wymogi jak zosta\u0107 opiekunem dziennym, a tak\u017ce czym zajmuje si\u0119 osoba na tym stanowisku. Dzienny opiekun \u2013 co to znaczy? [&hellip;]<\/p>\n","protected":false},"author":1,"featured_media":694,"comment_status":"closed","ping_status":"closed","sticky":false,"template":"","format":"standard","meta":{"_lmt_disableupdate":"","_lmt_disable":"","footnotes":""},"categories":[1550],"tags":[1051,1052,1053,1054,1055,1056,1057,1058],"class_list":["post-200","post","type-post","status-publish","format-standard","has-post-thumbnail","hentry","category-praca-opiekunki","tag-na-opiekuna-dziennego-wymagania","tag-opiekun-dzienny-wymagania","tag-wymagania-dla-opiekuna-dziennego","tag-wymagania-dla-opiekunki-dziennej","tag-wymagania-jako-opiekun-dzienny","tag-wymagania-opiekun-dzienny","tag-wymagania-opiekuna-dziennego","tag-wymagania-opiekunki-dziennej"],"aioseo_notices":[],"modified_by":"Emilia","_links":{"self":[{"href":"https:\/\/opiekun.net\/aktualnosci\/wp-json\/wp\/v2\/posts\/200","targetHints":{"allow":["GET"]}}],"collection":[{"href":"https:\/\/opiekun.net\/aktualnosci\/wp-json\/wp\/v2\/posts"}],"about":[{"href":"https:\/\/opiekun.net\/aktualnosci\/wp-json\/wp\/v2\/types\/post"}],"author":[{"embeddable":true,"href":"https:\/\/opiekun.net\/aktualnosci\/wp-json\/wp\/v2\/users\/1"}],"replies":[{"embeddable":true,"href":"https:\/\/opiekun.net\/aktualnosci\/wp-json\/wp\/v2\/comments?post=200"}],"version-history":[{"count":2,"href":"https:\/\/opiekun.net\/aktualnosci\/wp-json\/wp\/v2\/posts\/200\/revisions"}],"predecessor-version":[{"id":695,"href":"https:\/\/opiekun.net\/aktualnosci\/wp-json\/wp\/v2\/posts\/200\/revisions\/695"}],"wp:featuredmedia":[{"embeddable":true,"href":"https:\/\/opiekun.net\/aktualnosci\/wp-json\/wp\/v2\/media\/694"}],"wp:attachment":[{"href":"https:\/\/opiekun.net\/aktualnosci\/wp-json\/wp\/v2\/media?parent=200"}],"wp:term":[{"taxonomy":"category","embeddable":true,"href":"https:\/\/opiekun.net\/aktualnosci\/wp-json\/wp\/v2\/categories?post=200"},{"taxonomy":"post_tag","embeddable":true,"href":"https:\/\/opiekun.net\/aktualnosci\/wp-json\/wp\/v2\/tags?post=200"}],"curies":[{"name":"wp","href":"https:\/\/api.w.org\/{rel}","templated":true}]}}