{"id":229,"date":"2018-03-27T09:32:47","date_gmt":"2018-03-27T07:32:47","guid":{"rendered":"http:\/\/opiekun.net\/aktualnosci\/?p=229"},"modified":"2021-04-20T13:42:34","modified_gmt":"2021-04-20T11:42:34","slug":"szkolenie-opiekun-dzienny-krakow","status":"publish","type":"post","link":"https:\/\/opiekun.net\/aktualnosci\/szkolenie-opiekun-dzienny-krakow\/","title":{"rendered":"Szkolenie opiekun dzienny Krak\u00f3w"},"content":{"rendered":"<p>Opiekun dzienny pracuje w warunkach domowych i podejmuje zorganizowan\u0105 opiek\u0119 nad dzie\u0107mi w wieku do trzech lat. Opiekun dzienny mo\u017ce sprawowa\u0107 opiek\u0119 na obrze\u017cach wielkich aglomeracji miejskich, gdzie nie ma rozbudowanej infrastruktury lub w gminach.<\/p>\n<p>Jednak\u017ce aby m\u00f3c pracowa\u0107 jako opiekun dzienny, nale\u017cy posiada\u0107 potwierdzenie swoich kwalifikacji zawodowych. Takie potwierdzenie mo\u017cna uzyska\u0107 ko\u0144cz\u0105c szkolenie kwalifikacyjne stacjonarne lub online.<\/p>\n<p>Takie szkolenie stacjonarne\u00a0 opiekuna dziennego odby\u0142o si\u0119 w dniach <strong>17 \u2013 23 lutego 2018 roku<\/strong> <strong>w<\/strong> <strong>Krakowie<\/strong>. Szkolenie sk\u0142ada\u0142o si\u0119 z kilku blok\u00f3w teoretyczno-praktycznych roz\u0142o\u017conych na kilka dni, prowadzonych przez wykwalifikowanych specjalist\u00f3w. Po szkoleniu, zosta\u0142y zebrane informacje zwrotne od absolwent\u00f3w, dotycz\u0105ce organizacji szkolenia oraz tre\u015bci programowej i okaza\u0142o si\u0119, \u017ce opinie uczestnik\u00f3w na temat szkolenia by\u0142y bardzo pozytywne.<\/p>\n<p>Wszystkie osoby, kt\u00f3re nie mog\u0142y pojawi\u0107 si\u0119 na szkoleniu stacjonarnym w Krakowie, zapraszamy na kurs internetowy: <a href=\"http:\/\/www.opiekun.net\/kursy\/4\/szkolenie-dla-dziennego-opiekuna\/src-BlogKra\">http:\/\/www.opiekun.net\/kursy\/4\/szkolenie-dla-dziennego-opiekuna\/src-BlogKra<\/a><\/p>\n<p>Kurs ten prowadzony jest przez instytucj\u0119 o\u015bwiatow\u0105. Wszystkie zawarte w nim <strong>materia\u0142y szkoleniowe s\u0105 zgodne z wymaganiami merytorycznymi Ministra Pracy i Polityki Spo\u0142ecznej<\/strong> i znajduj\u0105 si\u0119 na innowacyjnej platformie dydaktycznej.<\/p>\n<p>Dodatkowo uzyskane w trakcie szkolenia kwalifikacje, potwierdzone dyplomem\u00a0 opiekuna dziennego s\u0105 zgodne z <strong>Rozporz\u0105dzeniem Ministra Pracy i Polityki Spo\u0142ecznej<\/strong>. Wszystkie materia\u0142y otrzymuje si\u0119 drog\u0105 internetow\u0105, w taki sam spos\u00f3b zaliczane s\u0105 wszelkiego rodzaju testy i egzaminy, a dokumenty przychodz\u0105 poczt\u0105. Jest to zatem bardzo wygodna, wiarygodna i nowoczesna forma potwierdzania wymaganych kwalifikacji zawodowych.<\/p>\n","protected":false},"excerpt":{"rendered":"<p>Opiekun dzienny pracuje w warunkach domowych i podejmuje zorganizowan\u0105 opiek\u0119 nad dzie\u0107mi w wieku do trzech lat. Opiekun dzienny mo\u017ce sprawowa\u0107 opiek\u0119 na obrze\u017cach wielkich aglomeracji miejskich, gdzie nie ma rozbudowanej infrastruktury lub w gminach. Jednak\u017ce aby m\u00f3c pracowa\u0107 jako opiekun dzienny, nale\u017cy posiada\u0107 potwierdzenie swoich kwalifikacji zawodowych. Takie potwierdzenie mo\u017cna uzyska\u0107 ko\u0144cz\u0105c szkolenie kwalifikacyjne [&hellip;]<\/p>\n","protected":false},"author":1,"featured_media":99,"comment_status":"closed","ping_status":"closed","sticky":false,"template":"","format":"standard","meta":{"_lmt_disableupdate":"","_lmt_disable":"","footnotes":""},"categories":[1552],"tags":[1248,1246,1252,1251,1247,1253,1245,1254,1249,1250],"class_list":["post-229","post","type-post","status-publish","format-standard","has-post-thumbnail","hentry","category-szkolenia-dla-opiekunek","tag-krakow-szkolenie-opiekun-dzienny","tag-krakow-szkolenie-opiekuna-dziennego","tag-krakow-szkolenie-stacjonarne-opiekun-dzienny","tag-krakow-szkolenie-stacjonarne-opiekuna-dziennego","tag-szkolenie-opiekun-dzienny-krakow","tag-szkolenie-opiekun-dzienny-stacjonarne-krakow","tag-szkolenie-opiekuna-dziennego-krakow","tag-szkolenie-opiekuna-dziennego-stacjonarne-krakow","tag-szkolenie-stacjonarne-opiekun-dzienny-krakow","tag-szkolenie-stacjonarne-opiekuna-dziennego-krakow"],"aioseo_notices":[],"modified_by":"admin","_links":{"self":[{"href":"https:\/\/opiekun.net\/aktualnosci\/wp-json\/wp\/v2\/posts\/229","targetHints":{"allow":["GET"]}}],"collection":[{"href":"https:\/\/opiekun.net\/aktualnosci\/wp-json\/wp\/v2\/posts"}],"about":[{"href":"https:\/\/opiekun.net\/aktualnosci\/wp-json\/wp\/v2\/types\/post"}],"author":[{"embeddable":true,"href":"https:\/\/opiekun.net\/aktualnosci\/wp-json\/wp\/v2\/users\/1"}],"replies":[{"embeddable":true,"href":"https:\/\/opiekun.net\/aktualnosci\/wp-json\/wp\/v2\/comments?post=229"}],"version-history":[{"count":2,"href":"https:\/\/opiekun.net\/aktualnosci\/wp-json\/wp\/v2\/posts\/229\/revisions"}],"predecessor-version":[{"id":231,"href":"https:\/\/opiekun.net\/aktualnosci\/wp-json\/wp\/v2\/posts\/229\/revisions\/231"}],"wp:featuredmedia":[{"embeddable":true,"href":"https:\/\/opiekun.net\/aktualnosci\/wp-json\/wp\/v2\/media\/99"}],"wp:attachment":[{"href":"https:\/\/opiekun.net\/aktualnosci\/wp-json\/wp\/v2\/media?parent=229"}],"wp:term":[{"taxonomy":"category","embeddable":true,"href":"https:\/\/opiekun.net\/aktualnosci\/wp-json\/wp\/v2\/categories?post=229"},{"taxonomy":"post_tag","embeddable":true,"href":"https:\/\/opiekun.net\/aktualnosci\/wp-json\/wp\/v2\/tags?post=229"}],"curies":[{"name":"wp","href":"https:\/\/api.w.org\/{rel}","templated":true}]}}