{"id":443,"date":"2021-08-18T11:51:27","date_gmt":"2021-08-18T09:51:27","guid":{"rendered":"https:\/\/opiekun.net\/aktualnosci\/?p=443"},"modified":"2025-09-18T14:01:18","modified_gmt":"2025-09-18T12:01:18","slug":"jak-wyglada-praca-w-zlobku-panstwowym-i-prywatnym","status":"publish","type":"post","link":"https:\/\/opiekun.net\/aktualnosci\/jak-wyglada-praca-w-zlobku-panstwowym-i-prywatnym\/","title":{"rendered":"Jak wygl\u0105da praca w \u017c\u0142obku pa\u0144stwowym i prywatnym?"},"content":{"rendered":"<p>Dost\u0119pne projekty finansowane z bud\u017cetu Unii Europejskiej umo\u017cliwiaj\u0105 pokrycie koszt\u00f3w zwi\u0105zanych z pobytem dziecka w \u017c\u0142obku. Przez to powstaje coraz wi\u0119cej instytucji opieki i ro\u015bnie zapotrzebowanie na zaw\u00f3d opiekuna w \u017c\u0142obku. Plac\u00f3wki, zapewniaj\u0105ce opiek\u0119 najm\u0142odszym dzieciom, funkcjonuj\u0105 o sta\u0142ych porach dnia, a praca w nich pozwala na pogodzenia \u017cycia prywatnego i zawodowego.<\/p>\n<h2>Czym r\u00f3\u017cni si\u0119 praca w \u017c\u0142obku pa\u0144stwowym od prywatnego?<\/h2>\n<p>Chc\u0105c podj\u0105\u0107 prac\u0119 w \u017c\u0142obku mo\u017cemy zdecydowa\u0107 si\u0119 na etat w plac\u00f3wce pa\u0144stwowej lub prywatnej. Nie ma mi\u0119dzy nimi r\u00f3\u017cnicy w zakresie obowi\u0105zk\u00f3w dla opiekuna, lecz inna jest organizacja pracy i oferowane benefity. Pa\u0144stwowe \u017c\u0142obki w okresie wakacyjnym s\u0105 zamkni\u0119te przez jeden miesi\u0105c, a prywatne s\u0105 czynne przez ca\u0142y rok. W pa\u0144stwowych \u017c\u0142obkach poszczeg\u00f3lne grupy sk\u0142adaj\u0105 si\u0119 z 20-25 dzieci, a w prywatnych \u017c\u0142obkach liczebno\u015b\u0107 grup jest zr\u00f3\u017cnicowana. Zazwyczaj preferowane s\u0105 w nich kameralne grupy. <strong>Praca w publicznej plac\u00f3wce zwi\u0105zana jest z otrzymywaniem dodatkowego wynagrodzenia<\/strong> w postaci tzw. trzynastki oraz licznych dodatk\u00f3w. Opiekunki w \u017c\u0142obku maj\u0105 wolne weekendy oraz dni ustawowo wolne od pracy.<\/p>\n<h2>Opiekun w \u017c\u0142obku \u2013 jakie ma obowi\u0105zki?<\/h2>\n<p>Podstawowym obowi\u0105zkiem opiekuna jest <strong>zaspokojenie potrzeb fizjologicznych podopiecznych oraz kompleksowe wspieranie rozwoju dzieci do lat 3<\/strong>. Cho\u0107 nale\u017cy podkre\u015bli\u0107, \u017ce obszar zada\u0144 jest o wiele szerszy:<\/p>\n<ul>\n<li>Komunikacja z rodzicami i osobami odbieraj\u0105cymi podopiecznych z plac\u00f3wki,<\/li>\n<li>Kszta\u0142towanie umiej\u0119tno\u015bci z zakresu samoobs\u0142ugi i samodzielno\u015bci,<\/li>\n<li>Zapewnienie atrakcyjnych zaj\u0119\u0107, kt\u00f3re s\u0105 dostosowane do wieku i umiej\u0119tno\u015bci dzieci,<\/li>\n<li>Dba\u0142o\u015b\u0107 o bezpiecze\u0144stwo ma\u0142ych dzieci, zapewnienie nale\u017cytej opieki zgodnie z ich potrzebami,<\/li>\n<li>Zapewnienie aktywnych form sp\u0119dzania czasu na otwartej przestrzeni,<\/li>\n<li>Monitorowanie stanu zdrowia dziecka,<\/li>\n<li>Kontrola czysto\u015bci zabawek i eliminacja przedmiot\u00f3w zagra\u017caj\u0105cych dzieciom,<\/li>\n<li>Udzielanie pierwszej pomocy przed lekarskiej,<\/li>\n<li>Organizowanie imprez okoliczno\u015bciowych dla dzieci,<\/li>\n<li>Przestrzeganie praw dziecka,<\/li>\n<li>Realizacja pozosta\u0142ych zada\u0144 na rzecz \u017c\u0142obka.<\/li>\n<\/ul>\n<h2>Ile mo\u017ce zarabia\u0107 opiekunka w \u017c\u0142obku?<\/h2>\n<p>Praca w \u017c\u0142obku jest atrakcyjna dla m\u0142odych i energicznych kobiet, kt\u00f3re dysponuj\u0105 ogromnymi pok\u0142adami empatii, ale i wolnym czasem, bowiem jest to praca na pe\u0142en wymiar. <strong>Praca w \u017c\u0142obku &#8211; ile godzin<\/strong> jest zadeklarowane dla pracownika? Przez wzgl\u0105d na rodzaj umowy liczba godzin pracy mo\u017ce znacz\u0105co si\u0119 r\u00f3\u017cni\u0107. W przypadku opiekuna w \u017c\u0142obku <strong>na etacie z regu\u0142y jest to 40 godzin tygodniowo<\/strong>.<\/p>\n<p>Warto\u015b\u0107 wynagrodzenia opiekuna w \u017c\u0142obku ro\u015bnie wraz z posiadanym do\u015bwiadczeniem zawodowym i kwalifikacjami zawodowymi. Wi\u0119kszo\u015b\u0107 os\u00f3b pracuj\u0105cych <strong>w tym zawodzie zarabia od 2620 do 3300 z\u0142 brutto.<\/strong> Podj\u0119cie pracy w ka\u017cdym \u017c\u0142obku zwi\u0105zane jest z konieczno\u015bci\u0105 spe\u0142nienia przez kandydata wymaga\u0144 wskazanych w ustawie o opiece nad dzie\u0107mi do lat 3 z dnia 4 lutego 2011.<\/p>\n<p>Praca w \u017c\u0142obku pa\u0144stwowym mo\u017ce r\u00f3\u017cni\u0107 si\u0119 stawk\u0105 od pracy w \u017c\u0142obku prywatnym, szczeg\u00f3lnie w du\u017cych miastach. \u017b\u0142obki prywatne zazwyczaj oferuj\u0105 swoim pracownikom wi\u0119ksze wynagrodzenie, ale pa\u0144stwowe zapewniaj\u0105 stabilne zatrudnienie i wi\u0119cej dodatk\u00f3w.<\/p>\n<h2>Jak rozpocz\u0105\u0107 prac\u0119 jako opiekun w \u017c\u0142obku?<\/h2>\n<p>Nie ka\u017cda osoba mo\u017ce podj\u0105\u0107 prac\u0119 jako opiekun w \u017c\u0142obku. Kandydat zainteresowany podj\u0119ciem pracy w \u017c\u0142obku jako opiekun musi mie\u0107 odpowiednie wykszta\u0142cenie i spe\u0142ni\u0107 dodatkowe warunki:<\/p>\n<ul>\n<li>Uko\u0144czenie studi\u00f3w na kierunku pedagogika b\u0105d\u017a uko\u0144czenie kursu potwierdzaj\u0105cego posiadanie kwalifikacji opiekunki dzieci\u0119cej lub posiadanie do\u015bwiadczenia zawodowego w zakresie udzielania dzieciom pierwszej pomocy,<\/li>\n<li>Pe\u0142noletnio\u015b\u0107,<\/li>\n<li>Uko\u0144czenie szkolenia z zakresu udzielania pierwszej pomocy przedmedycznej dziecku,<\/li>\n<li>Posiadanie pe\u0142nej zdolno\u015bci do czynno\u015bci prawnych oraz korzystania z pe\u0142ni praw publicznych,<\/li>\n<li>Dysponowanie aktualnymi wynikami bada\u0144 sanitarno-epidemiologicznych,<\/li>\n<li>Niekaralno\u015b\u0107.<\/li>\n<\/ul>\n<p>Maj\u0105c ju\u017c wykszta\u0142cenie \u015brednie mo\u017cna ubiega\u0107 si\u0119 o prac\u0119 opiekuna w \u017c\u0142obku, lecz wi\u0105\u017ce si\u0119 to z konieczno\u015bci\u0105 uko\u0144czenia <a href=\"https:\/\/opiekun.net\/kursy\/1\/szkolenie-na-opiekuna-w-zlobku-lub-klubie-dzieciecym\">szkolenia na opiekunk\u0119 w \u017c\u0142obku<\/a>. Na ten kurs mo\u017cna si\u0119 zapisa\u0107 do Krajowego Instytutu Medycznego. Wyr\u00f3\u017cniona plac\u00f3wka spe\u0142nia wszelkie wymogi dotycz\u0105ce realizacji us\u0142ug edukacyjnych, nadto program zaj\u0119\u0107 zosta\u0142 zaakceptowany przez <strong>Ministra Rodziny, Pracy i Polityki Spo\u0142ecznej. <\/strong>Ka\u017cdy uczestnik kursu po zako\u0144czeniu szkolenia otrzymuje za\u015bwiadczenie uprawniaj\u0105ce do podj\u0119cia pracy w plac\u00f3wkach zapewniaj\u0105cych opiek\u0119 nad dzie\u0107mi w wieku poni\u017cej 3 lat.<\/p>\n<h2>Dlaczego warto zapisa\u0107 si\u0119 na kurs?<\/h2>\n<p>Oferta Krajowego Instytutu Medycznego jest najlepsza na rynku, poniewa\u017c pozwala na <strong>zdobycie wiedzy praktycznej i wymaganych kwalifikacji uprawniaj\u0105cych do wykonywania zawodu opiekuna w \u017c\u0142obku<\/strong>. Wiedza akademicka ogranicza si\u0119 jedynie do zdobycia umiej\u0119tno\u015bci teoretycznych, a wyzwania towarzysz\u0105ce pracy zawodowej wymagaj\u0105 dysponowania praktycznymi kompetencjami. Jest jeszcze jedna rzecz warto wspomnienia, czyli metoda nauki online. <strong>Kurs mo\u017cemy zrealizowa\u0107 nie wychodz\u0105c z domu<\/strong>, samodzielnie dopasowuj\u0105c harmonogram zaj\u0119\u0107 do grafiku dnia. U\u0142atwia to podniesienie kwalifikacji osobom studiuj\u0105cym i pracuj\u0105cym.<\/p>\n<p>Po uzyskaniu potrzebnych kwalifikacji mo\u017cna z powodzeniem rozpocz\u0105\u0107 prac\u0119 w \u017c\u0142obku pa\u0144stwowym lub prywatnym.<\/p>\n<p>Czy otrzyma\u0142a\u015b wyczerpuj\u0105ce informacje co nale\u017cy zrobi\u0107, aby zosta\u0107 opiekunem w \u017c\u0142obku? Rozwa\u017casz zmian\u0119 zawodu? Zdobycie nowych kwalifikacji? Koniecznie poznaj<a href=\"https:\/\/opiekun.net\/kursy\"> ca\u0142\u0105 ofert\u0119 proponowan\u0105 przez Krajowy Instytut Medyczny<\/a>! Zmie\u0144 swoje \u017cycie ju\u017c dzi\u015b! Pracuj w zawodzie, kt\u00f3ry pokochasz!<\/p>\n","protected":false},"excerpt":{"rendered":"<p>Dost\u0119pne projekty finansowane z bud\u017cetu Unii Europejskiej umo\u017cliwiaj\u0105 pokrycie koszt\u00f3w zwi\u0105zanych z pobytem dziecka w \u017c\u0142obku. Przez to powstaje coraz wi\u0119cej instytucji opieki i ro\u015bnie zapotrzebowanie na zaw\u00f3d opiekuna w \u017c\u0142obku. Plac\u00f3wki, zapewniaj\u0105ce opiek\u0119 najm\u0142odszym dzieciom, funkcjonuj\u0105 o sta\u0142ych porach dnia, a praca w nich pozwala na pogodzenia \u017cycia prywatnego i zawodowego. Czym r\u00f3\u017cni si\u0119 [&hellip;]<\/p>\n","protected":false},"author":1,"featured_media":444,"comment_status":"closed","ping_status":"closed","sticky":false,"template":"","format":"standard","meta":{"_lmt_disableupdate":"","_lmt_disable":"","footnotes":""},"categories":[1550],"tags":[883,911,1560,1561,1562],"class_list":["post-443","post","type-post","status-publish","format-standard","has-post-thumbnail","hentry","category-praca-opiekunki","tag-kurs-opiekun-w-zlobku","tag-opiekun-w-zlobku-praca","tag-opiekunka-w-zlobku-zarobki","tag-praca-w-zlobku-ile-godzin","tag-praca-w-zlobku-jakie-wyksztalcenie"],"aioseo_notices":[],"modified_by":"digital","_links":{"self":[{"href":"https:\/\/opiekun.net\/aktualnosci\/wp-json\/wp\/v2\/posts\/443","targetHints":{"allow":["GET"]}}],"collection":[{"href":"https:\/\/opiekun.net\/aktualnosci\/wp-json\/wp\/v2\/posts"}],"about":[{"href":"https:\/\/opiekun.net\/aktualnosci\/wp-json\/wp\/v2\/types\/post"}],"author":[{"embeddable":true,"href":"https:\/\/opiekun.net\/aktualnosci\/wp-json\/wp\/v2\/users\/1"}],"replies":[{"embeddable":true,"href":"https:\/\/opiekun.net\/aktualnosci\/wp-json\/wp\/v2\/comments?post=443"}],"version-history":[{"count":3,"href":"https:\/\/opiekun.net\/aktualnosci\/wp-json\/wp\/v2\/posts\/443\/revisions"}],"predecessor-version":[{"id":1092,"href":"https:\/\/opiekun.net\/aktualnosci\/wp-json\/wp\/v2\/posts\/443\/revisions\/1092"}],"wp:featuredmedia":[{"embeddable":true,"href":"https:\/\/opiekun.net\/aktualnosci\/wp-json\/wp\/v2\/media\/444"}],"wp:attachment":[{"href":"https:\/\/opiekun.net\/aktualnosci\/wp-json\/wp\/v2\/media?parent=443"}],"wp:term":[{"taxonomy":"category","embeddable":true,"href":"https:\/\/opiekun.net\/aktualnosci\/wp-json\/wp\/v2\/categories?post=443"},{"taxonomy":"post_tag","embeddable":true,"href":"https:\/\/opiekun.net\/aktualnosci\/wp-json\/wp\/v2\/tags?post=443"}],"curies":[{"name":"wp","href":"https:\/\/api.w.org\/{rel}","templated":true}]}}