{"id":655,"date":"2023-06-29T16:16:21","date_gmt":"2023-06-29T14:16:21","guid":{"rendered":"https:\/\/opiekun.net\/aktualnosci\/?p=655"},"modified":"2025-07-06T20:02:45","modified_gmt":"2025-07-06T18:02:45","slug":"zlobek-i-klub-dzieciecy-wymagania-lokalowe-oraz-kadrowe","status":"publish","type":"post","link":"https:\/\/opiekun.net\/aktualnosci\/zlobek-i-klub-dzieciecy-wymagania-lokalowe-oraz-kadrowe\/","title":{"rendered":"\u017b\u0142obek i klub dzieci\u0119cy: wymagania lokalowe oraz kadrowe"},"content":{"rendered":"<p><span style=\"font-weight: 400;\">Zapewnienie bezpiecze\u0144stwa dzieciom przebywaj\u0105cym w plac\u00f3wkach o\u015bwiatowych stanowi g\u0142\u00f3wny cel, kt\u00f3ry musz\u0105 spe\u0142nia\u0107 \u017c\u0142obki i kluby dzieci\u0119ce. W zwi\u0105zku z tym w trosce o maluchy na\u0142o\u017cono na te miejsca r\u00f3\u017cnego rodzaju wymagania wobec lokali, a na opiekunki w \u017c\u0142obku lub klubie dzieci\u0119cym warunki, kt\u00f3re mo\u017cna umownie podzieli\u0107 na trzy kategorie dotycz\u0105ce: wykszta\u0142cenia, prawa, zdrowia. Wi\u0119cej na ten temat b\u0119dziemy omawiali w dalszej cz\u0119\u015bci artyku\u0142u.<\/span><\/p>\n<h2><span style=\"font-weight: 400;\">Gdzie okre\u015blono wymogi dla lokalu \u017c\u0142obka lub klubu dzieci\u0119cego?<\/span><\/h2>\n<p><span style=\"font-weight: 400;\">Aby lokal \u017c\u0142obka lub klubu dzieci\u0119cego spe\u0142nia\u0142 wymagania, musi mie\u015bci\u0107 si\u0119 w budynku lub jego cz\u0119\u015bci, kt\u00f3ra odpowiada wytycznym okre\u015blonym w <\/span><b>przepisach techniczno-budowlanych<\/b><span style=\"font-weight: 400;\"> oraz <\/span><b>przepisach o ochronie przeciwpo\u017carowej<\/b><span style=\"font-weight: 400;\">. W innym przypadku budynek ten ma obowi\u0105zek realizowa\u0107 wymagania uzgodnione z w\u0142a\u015bciwym miejscowo komendantem wojew\u00f3dzkim Pa\u0144stwowej Stra\u017cy Po\u017carnej, w trybie okre\u015blonym w tych przepisach.<\/span><span style=\"font-weight: 400;\">\u00a0<\/span><\/p>\n<p><span style=\"font-weight: 400;\">Ponadto wprowadzono Rozporz\u0105dzenie z dnia 10 lipca 2014 r. w sprawie <\/span><b>wymaga\u0144 lokalowych i sanitarnych<\/b><span style=\"font-weight: 400;\">, jakie musi spe\u0142nia\u0107 lokal, w kt\u00f3rym ma by\u0107 prowadzony \u017c\u0142obek lub klub dzieci\u0119cy. Dokument ten reguluje warunki wobec plac\u00f3wek w celu zapewnienia bezpiecze\u0144stwa maluch\u00f3w. W dalszej cz\u0119\u015bci artyku\u0142u przedstawimy kilka najwa\u017cniejszych dotycz\u0105cych budynku.<\/span><\/p>\n<blockquote><p><a title=\"Krajowy Instytut Medyczny\" href=\"https:\/\/opiekun.net\/kursy\"><span style=\"font-weight: 400;\">Poznaj nasz\u0105 ofert\u0119 szkole\u0144 umo\u017cliwiaj\u0105cych kompleksowe przygotowanie do opieki nad dzie\u0107mi do lat 3.<\/span><\/a><\/p><\/blockquote>\n<h2><span style=\"font-weight: 400;\">Pomieszczenia i powierzchnia \u017c\u0142obka i klubu malucha<\/span><\/h2>\n<p><span style=\"font-weight: 400;\">\u017b\u0142obek lub klub dzieci\u0119cy musi posiada\u0107 <\/span><b>pomieszczenie zbiorowe<\/b><span style=\"font-weight: 400;\">, czyli miejsce s\u0142u\u017c\u0105ce minimum 3-osobowej grupie dzieci, np. jako sala zabaw lub miejsce na odpoczynek. Je\u017celi przebywa w nim do 5 podopiecznych musi mie\u0107 ono co najmniej 16 m<\/span><span style=\"font-weight: 400;\">2<\/span><span style=\"font-weight: 400;\">. Natomiast je\u017celi liczba maluch\u00f3w jest wi\u0119ksza, metra\u017c ulega odpowiedniemu zwi\u0119kszeniu na ka\u017cdego kolejnego malucha w nast\u0119puj\u0105cy spos\u00f3b:<\/span><\/p>\n<ul>\n<li style=\"font-weight: 400;\" aria-level=\"1\"><span style=\"font-weight: 400;\">co najmniej 2 m<\/span><span style=\"font-weight: 400;\">2<\/span><span style=\"font-weight: 400;\">, je\u017celi czas pobytu dziecka nie przekracza 5 godzin dziennie;<\/span><\/li>\n<li style=\"font-weight: 400;\" aria-level=\"1\"><span style=\"font-weight: 400;\">co najmniej 2,5 m<\/span><span style=\"font-weight: 400;\">2<\/span><span style=\"font-weight: 400;\">, je\u017celi czas pobytu dziecka przekracza 5 godzin dziennie.<\/span><\/li>\n<\/ul>\n<p><span style=\"font-weight: 400;\">Dodatkowo poza pomieszczeniem zbiorowym nale\u017cy zapewni\u0107 <\/span><b>kuchni\u0119 dostosowan\u0105 do organizacji \u017cywienia zbiorowego<\/b><span style=\"font-weight: 400;\"> oraz <\/span><b>pomieszczenia pomocnicze<\/b><span style=\"font-weight: 400;\">. W\u015br\u00f3d nich wymienia si\u0119: szatni\u0119, \u0142azienk\u0119, gabinet, schowek na rzeczy itp.<\/span><\/p>\n<p><span data-sheets-root=\"1\">Zastanawiasz si\u0119, czym jest klubik dla dzieci? Wyja\u015bniamy to na stronie: <a href=\"https:\/\/opiekun.net\/aktualnosci\/czym-jest-klubik-dzieciecy\/\">https:\/\/opiekun.net\/aktualnosci\/czym-jest-klubik-dzieciecy\/<\/a><\/span><\/p>\n<h2><span style=\"font-weight: 400;\">Jakie wymogi zdrowotne i prawne musz\u0105 spe\u0142nia\u0107 opiekunki w \u017c\u0142obku lub klubie dzieci\u0119cym?<\/span><\/h2>\n<p><span style=\"font-weight: 400;\">Je\u015bli chodzi o wymogi prawne, opiekunki w \u017c\u0142obku lub klubie dzieci\u0119cym <\/span><b>musz\u0105 dawa\u0107 r\u0119kojmi\u0119 nale\u017cytego sprawowania opieki nad dzie\u0107mi<\/b><span style=\"font-weight: 400;\">, a tak\u017ce nie mog\u0105 by\u0107 uznane przez s\u0105d za winne pope\u0142nienia przest\u0119pstwa. W przypadku na\u0142o\u017cenia na tego pracownika obowi\u0105zku alimentacyjnego powinien si\u0119 z niego wywi\u0105zywa\u0107. Co wi\u0119cej, opiekunka w pracy z dzie\u0107mi nie mo\u017ce by\u0107 osoba ubezw\u0142asnowolniona lub pozbawiona w\u0142adzy rodzicielskiej.<\/span><\/p>\n<p><span style=\"font-weight: 400;\">W kwestiach zdrowia najwa\u017cniejsze jest, by pracownik \u017c\u0142obka lub klubu dzieci\u0119cego <\/span><b>pomy\u015blnie przeszed\u0142 przez wymagane badania lekarskie<\/b><span style=\"font-weight: 400;\"> b\u0119d\u0105ce potwierdzeniem mo\u017cliwo\u015bci realizowania powierzonych obowi\u0105zk\u00f3w.\u00a0<\/span><\/p>\n<p><img loading=\"lazy\" decoding=\"async\" class=\"alignnone wp-image-659 size-full\" src=\"https:\/\/opiekun.net\/aktualnosci\/wp-content\/uploads\/2023\/07\/kursy-online-dla-opiekun\u00f3w-dzieci.jpg\" alt=\"kursy online dla opiekun\u00f3w dzieci\" width=\"4912\" height=\"2361\" srcset=\"https:\/\/opiekun.net\/aktualnosci\/wp-content\/uploads\/2023\/07\/kursy-online-dla-opiekun\u00f3w-dzieci.jpg 4912w, https:\/\/opiekun.net\/aktualnosci\/wp-content\/uploads\/2023\/07\/kursy-online-dla-opiekun\u00f3w-dzieci-300x144.jpg 300w, https:\/\/opiekun.net\/aktualnosci\/wp-content\/uploads\/2023\/07\/kursy-online-dla-opiekun\u00f3w-dzieci-768x369.jpg 768w, https:\/\/opiekun.net\/aktualnosci\/wp-content\/uploads\/2023\/07\/kursy-online-dla-opiekun\u00f3w-dzieci-1024x492.jpg 1024w, https:\/\/opiekun.net\/aktualnosci\/wp-content\/uploads\/2023\/07\/kursy-online-dla-opiekun\u00f3w-dzieci-696x335.jpg 696w, https:\/\/opiekun.net\/aktualnosci\/wp-content\/uploads\/2023\/07\/kursy-online-dla-opiekun\u00f3w-dzieci-1068x513.jpg 1068w, https:\/\/opiekun.net\/aktualnosci\/wp-content\/uploads\/2023\/07\/kursy-online-dla-opiekun\u00f3w-dzieci-874x420.jpg 874w\" sizes=\"auto, (max-width: 4912px) 100vw, 4912px\" \/><\/p>\n<p><span style=\"font-weight: 400;\">Warto doda\u0107, \u017ce do pracy z dzie\u0107mi nie powinny by\u0107 zatrudnione osoby, u kt\u00f3rych zdiagnozowano:<\/span><\/p>\n<ul>\n<li style=\"font-weight: 400;\" aria-level=\"1\"><span style=\"font-weight: 400;\">zaburzenia psychiczne lub emocjonalne wp\u0142ywaj\u0105ce na zdolno\u015b\u0107 opieki nad dzie\u0107mi;<\/span><\/li>\n<li style=\"font-weight: 400;\" aria-level=\"1\"><span style=\"font-weight: 400;\">uzale\u017cnienie od alkoholu, narkotyk\u00f3w czy innych substancji psychoaktywnych.<\/span><\/li>\n<\/ul>\n<h2><span style=\"font-weight: 400;\">Wymagania dotycz\u0105ce wykszta\u0142cenia opiekun\u00f3w w \u017c\u0142obku lub klubie dzieci\u0119cym<\/span><\/h2>\n<p><span style=\"font-weight: 400;\">Prac\u0119 jako opiekunka w \u017c\u0142obku lub klubie dzieci\u0119cym mo\u017ce podj\u0105\u0107 osoba, kt\u00f3ra uzyska\u0142a kwalifikacje: piel\u0119gniarki, po\u0142o\u017cnej, opiekunki dzieci\u0119cej, nauczyciela wychowania przedszkolnego, nauczyciela edukacji wczesnoszkolnej lub pedagoga opieku\u0144czo-wychowawczego albo uko\u0144czy\u0142a studia\/studia podyplomowe na kierunku lub specjalno\u015bci zwi\u0105zanej z pedagogik\u0105 b\u0105d\u017a wspomaganiem rozwoju.<\/span><\/p>\n<p><span style=\"font-weight: 400;\">Inn\u0105 mo\u017cliwo\u015bci\u0105 zdobycia wiedzy i umiej\u0119tno\u015bci potrzebnych do obj\u0119cia tego stanowiska jest uko\u0144czony<\/span><a title=\"Aktualne kursy\" href=\"https:\/\/opiekun.net\/kursy\"> <span style=\"font-weight: 400;\">kurs opiekunki w \u017c\u0142obku online<\/span><\/a><span style=\"font-weight: 400;\"> lub stacjonarnie. Jednak musi on <\/span><b>kompleksowo przygotowa\u0107 uczestnika do sprawowania opieki nad dzie\u0107mi<\/b><span style=\"font-weight: 400;\">. Tak\u0105 mo\u017cliwo\u015b\u0107 oferuj\u0105 szkolenia dost\u0119pne na stronie naszej Instytucji, a w\u015br\u00f3d nich:<\/span><\/p>\n<ul>\n<li style=\"font-weight: 400;\" aria-level=\"1\"><span style=\"font-weight: 400;\">\u00a0\u201c<\/span><a title=\"Szkolenie dla Dziennego Opiekuna\" href=\"https:\/\/opiekun.net\/kursy\/4\/szkolenie-dla-dziennego-opiekuna\"><span style=\"font-weight: 400;\">Szkolenie dla Dziennego Opiekuna<\/span><\/a><span style=\"font-weight: 400;\">\u201d,<\/span><\/li>\n<li style=\"font-weight: 400;\" aria-level=\"1\"><span style=\"font-weight: 400;\">\u00a0\u201c<\/span><a title=\"Szkolenie na Opiekuna w \u017b\u0142obku lub Klubie Dzieci\u0119cym\" href=\"https:\/\/opiekun.net\/kursy\/1\/szkolenie-na-opiekuna-w-zlobku-lub-klubie-dzieciecym\"><span style=\"font-weight: 400;\">Szkolenie na Opiekuna w \u017b\u0142obku lub Klubie Dzieci\u0119cym<\/span><\/a><span style=\"font-weight: 400;\">\u201d.<\/span><\/li>\n<\/ul>\n<p><span style=\"font-weight: 400;\">Warto doda\u0107, \u017ce pozytywnym zako\u0144czeniu kszta\u0142cenia <\/span><b>absolwent otrzymuje za\u015bwiadczenie o uko\u0144czeniu szkolenia zgodne z obowi\u0105zuj\u0105cymi rozporz\u0105dzeniami<\/b><span style=\"font-weight: 400;\">. <\/span><\/p>\n","protected":false},"excerpt":{"rendered":"<p>Zapewnienie bezpiecze\u0144stwa dzieciom przebywaj\u0105cym w plac\u00f3wkach o\u015bwiatowych stanowi g\u0142\u00f3wny cel, kt\u00f3ry musz\u0105 spe\u0142nia\u0107 \u017c\u0142obki i kluby dzieci\u0119ce. W zwi\u0105zku z tym w trosce o maluchy na\u0142o\u017cono na te miejsca r\u00f3\u017cnego rodzaju wymagania wobec lokali, a na opiekunki w \u017c\u0142obku lub klubie dzieci\u0119cym warunki, kt\u00f3re mo\u017cna umownie podzieli\u0107 na trzy kategorie dotycz\u0105ce: wykszta\u0142cenia, prawa, zdrowia. Wi\u0119cej [&hellip;]<\/p>\n","protected":false},"author":8,"featured_media":658,"comment_status":"closed","ping_status":"closed","sticky":false,"template":"","format":"standard","meta":{"_lmt_disableupdate":"","_lmt_disable":"","footnotes":""},"categories":[1553],"tags":[],"class_list":["post-655","post","type-post","status-publish","format-standard","has-post-thumbnail","hentry","category-porady-i-aktualnosci"],"aioseo_notices":[],"modified_by":"digital","_links":{"self":[{"href":"https:\/\/opiekun.net\/aktualnosci\/wp-json\/wp\/v2\/posts\/655","targetHints":{"allow":["GET"]}}],"collection":[{"href":"https:\/\/opiekun.net\/aktualnosci\/wp-json\/wp\/v2\/posts"}],"about":[{"href":"https:\/\/opiekun.net\/aktualnosci\/wp-json\/wp\/v2\/types\/post"}],"author":[{"embeddable":true,"href":"https:\/\/opiekun.net\/aktualnosci\/wp-json\/wp\/v2\/users\/8"}],"replies":[{"embeddable":true,"href":"https:\/\/opiekun.net\/aktualnosci\/wp-json\/wp\/v2\/comments?post=655"}],"version-history":[{"count":3,"href":"https:\/\/opiekun.net\/aktualnosci\/wp-json\/wp\/v2\/posts\/655\/revisions"}],"predecessor-version":[{"id":1047,"href":"https:\/\/opiekun.net\/aktualnosci\/wp-json\/wp\/v2\/posts\/655\/revisions\/1047"}],"wp:featuredmedia":[{"embeddable":true,"href":"https:\/\/opiekun.net\/aktualnosci\/wp-json\/wp\/v2\/media\/658"}],"wp:attachment":[{"href":"https:\/\/opiekun.net\/aktualnosci\/wp-json\/wp\/v2\/media?parent=655"}],"wp:term":[{"taxonomy":"category","embeddable":true,"href":"https:\/\/opiekun.net\/aktualnosci\/wp-json\/wp\/v2\/categories?post=655"},{"taxonomy":"post_tag","embeddable":true,"href":"https:\/\/opiekun.net\/aktualnosci\/wp-json\/wp\/v2\/tags?post=655"}],"curies":[{"name":"wp","href":"https:\/\/api.w.org\/{rel}","templated":true}]}}