{"id":678,"date":"2023-08-05T11:00:34","date_gmt":"2023-08-05T09:00:34","guid":{"rendered":"https:\/\/opiekun.net\/aktualnosci\/?p=678"},"modified":"2025-10-22T11:59:33","modified_gmt":"2025-10-22T09:59:33","slug":"czy-jest-program-babcia-plus","status":"publish","type":"post","link":"https:\/\/opiekun.net\/aktualnosci\/czy-jest-program-babcia-plus\/","title":{"rendered":"Czy jest program babcia Plus?"},"content":{"rendered":"<p><span style=\"font-weight: 400;\">Babcie bardzo cz\u0119sto odgrywaj\u0105 kluczow\u0105 rol\u0119 w wychowaniu swoich wnucz\u0105t, szczeg\u00f3lnie w przypadku wielodzietnych rodzin lub sytuacji powrotu rodzic\u00f3w do pracy. W zwi\u0105zku z tym padaj\u0105 pytania, czy babcia mo\u017ce pracowa\u0107 jako opiekunka, a tak\u017ce co z programem \u201cBabcia Plus\u201d? Jakie warunki musi spe\u0142ni\u0107, by pracowa\u0107 jako niania ma\u0142ego dziecka? Na te pytania odpowiedzieli\u015bmy w dalszej cz\u0119\u015bci artyku\u0142u.<\/span><\/p>\n<h2><span style=\"font-weight: 400;\">Czy jest program \u201cBabcia Plus\u201d?\u00a0<\/span><\/h2>\n<p><span style=\"font-weight: 400;\">O programie \u201cBabcia Plus\u201d m\u00f3wi si\u0119 w Polsce ju\u017c od kilku lat, mia\u0142by by\u0107 on realizowany w ramach wsparcia poza\u017c\u0142obkowego dla rodzic\u00f3w, kt\u00f3rzy pragn\u0105 wr\u00f3ci\u0107 do pracy<\/span>.<b> Aktualnie nie zosta\u0142 on oficjalnie wprowadzony przez rz\u0105d<\/b><span style=\"font-weight: 400;\">.\u00a0<\/span><\/p>\n<p><span style=\"font-weight: 400;\">Jednak w ramach znoszenia barier dla rodzic\u00f3w chc\u0105cych mie\u0107 dzieci w 2021 r. wprowadzono inny program \u2013 \u201c<\/span><b>Strategia Demograficzna 2040<\/b><span style=\"font-weight: 400;\">\u201d. Wskazuje on m.in. rozwi\u0105zania s\u0142u\u017c\u0105ce rozwojowi form opieki nad dzie\u0107mi, kt\u00f3re odnosz\u0105 si\u0119 do czasu, zanim rozpoczn\u0105 one edukacj\u0119 przedszkoln\u0105.<\/span><\/p>\n<p><span style=\"font-weight: 400;\">Proponowane zmiany maj\u0105 umo\u017cliwi\u0107 zwi\u0119kszenie mo\u017cliwo\u015bci wyboru sposobu opieki rodzicom dzieci w wieku 2-3 lata mi\u0119dzy opiek\u0105:<\/span><\/p>\n<ul>\n<li style=\"font-weight: 400;\" aria-level=\"1\"><span style=\"font-weight: 400;\">domow\u0105,\u00a0<\/span><\/li>\n<li style=\"font-weight: 400;\" aria-level=\"1\"><span style=\"font-weight: 400;\">\u0142\u0105czon\u0105 domow\u0105\/instytucjonaln\u0105,<\/span><\/li>\n<li style=\"font-weight: 400;\" aria-level=\"1\"><span style=\"font-weight: 400;\">instytucjonaln\u0105.\u00a0<\/span><\/li>\n<\/ul>\n<p><img loading=\"lazy\" decoding=\"async\" class=\"alignnone wp-image-679 size-full\" src=\"https:\/\/opiekun.net\/aktualnosci\/wp-content\/uploads\/2023\/09\/babcia-plus.jpg\" alt=\"babcia plus\" width=\"4959\" height=\"2881\" srcset=\"https:\/\/opiekun.net\/aktualnosci\/wp-content\/uploads\/2023\/09\/babcia-plus.jpg 4959w, https:\/\/opiekun.net\/aktualnosci\/wp-content\/uploads\/2023\/09\/babcia-plus-300x174.jpg 300w, https:\/\/opiekun.net\/aktualnosci\/wp-content\/uploads\/2023\/09\/babcia-plus-768x446.jpg 768w, https:\/\/opiekun.net\/aktualnosci\/wp-content\/uploads\/2023\/09\/babcia-plus-1024x595.jpg 1024w, https:\/\/opiekun.net\/aktualnosci\/wp-content\/uploads\/2023\/09\/babcia-plus-696x404.jpg 696w, https:\/\/opiekun.net\/aktualnosci\/wp-content\/uploads\/2023\/09\/babcia-plus-1068x620.jpg 1068w, https:\/\/opiekun.net\/aktualnosci\/wp-content\/uploads\/2023\/09\/babcia-plus-723x420.jpg 723w\" sizes=\"auto, (max-width: 4959px) 100vw, 4959px\" \/><\/p>\n<h2><span style=\"font-weight: 400;\">Rozw\u00f3j form opieki nad dzie\u0107mi<\/span><\/h2>\n<p><span style=\"font-weight: 400;\">W ramach rozwoju form opieki nad dzie\u0107mi program \u201cStrategia Demograficzna 2040\u201d wspiera nast\u0119puj\u0105ce dzia\u0142ania:<\/span><\/p>\n<ol>\n<li style=\"font-weight: 400;\" aria-level=\"1\"><span style=\"font-weight: 400;\">\u201cWsparcie wszystkich form opieki zgodnie z preferencjami rodzic\u00f3w dzieci do lat 3.<\/span><\/li>\n<li style=\"font-weight: 400;\" aria-level=\"1\"><span style=\"font-weight: 400;\">Zwi\u0119kszenie mo\u017cliwo\u015bci opieki jednego sta\u0142ego opiekuna nad dzie\u0107mi do lat 3.<\/span><\/li>\n<li style=\"font-weight: 400;\" aria-level=\"1\"><span style=\"font-weight: 400;\">Uelastycznienie pracy plac\u00f3wek opieku\u0144czych umo\u017cliwiaj\u0105ce oddawanie dzieci na kilka godzin lub w wybrane dni.<\/span><\/li>\n<li style=\"font-weight: 400;\" aria-level=\"1\"><span style=\"font-weight: 400;\">Rozw\u00f3j mo\u017cliwo\u015bci opieki dora\u017anej nad dzie\u0107mi.<\/span><\/li>\n<li style=\"font-weight: 400;\" aria-level=\"1\"><span style=\"font-weight: 400;\">Zwi\u0119kszenie liczby os\u00f3b uprawnionych do korzystania ze \u015bwiadcze\u0144 zwi\u0105zanych z opiek\u0105 nad dzieckiem.<\/span><\/li>\n<li style=\"font-weight: 400;\" aria-level=\"1\"><b>Promocja wi\u0119zi mi\u0119dzypokoleniowych i pozytywnej roli os\u00f3b starszych w opiece nad dzie\u0107mi<\/b><span style=\"font-weight: 400;\">\u201d.<\/span><\/li>\n<\/ol>\n<h2><span style=\"font-weight: 400;\">Czy babcia mo\u017ce pracowa\u0107 jako opiekunka?<\/span><\/h2>\n<p><b>Babcia mo\u017ce pracowa\u0107 jako opiekunka dla swojego wnuka, tzw. niania<\/b><span style=\"font-weight: 400;\">. W tym celu musi podpisa\u0107 umow\u0119, kt\u00f3ra b\u0119dzie okre\u015bla\u0142a warunki wykonywania tego obowi\u0105zku. Warto, aby babcia zdecydowa\u0142a si\u0119 na umow\u0119 aktywizuj\u0105c\u0105, kt\u00f3ra zawiera nast\u0119puj\u0105ce elementy:<\/span><\/p>\n<ul>\n<li style=\"font-weight: 400;\" aria-level=\"1\"><span style=\"font-weight: 400;\">strony umowy;<\/span><\/li>\n<li style=\"font-weight: 400;\" aria-level=\"1\"><span style=\"font-weight: 400;\">cel i przedmiot umowy;<\/span><\/li>\n<li style=\"font-weight: 400;\" aria-level=\"1\"><span style=\"font-weight: 400;\">czas i miejsce pracy;<\/span><\/li>\n<li style=\"font-weight: 400;\" aria-level=\"1\"><span style=\"font-weight: 400;\">obowi\u0105zki pracownika;<\/span><\/li>\n<li style=\"font-weight: 400;\" aria-level=\"1\"><span style=\"font-weight: 400;\">liczb\u0119 dzieci powierzonych opiece;<\/span><\/li>\n<li style=\"font-weight: 400;\" aria-level=\"1\"><span style=\"font-weight: 400;\">wysoko\u015b\u0107 wynagrodzenia;<\/span><\/li>\n<li style=\"font-weight: 400;\" aria-level=\"1\"><span style=\"font-weight: 400;\">spos\u00f3b oraz termin wyp\u0142aty;<\/span><\/li>\n<li style=\"font-weight: 400;\" aria-level=\"1\"><span style=\"font-weight: 400;\">czas obowi\u0105zywania umowy;<\/span><\/li>\n<li style=\"font-weight: 400;\" aria-level=\"1\"><span style=\"font-weight: 400;\">warunki, spos\u00f3b zmiany lub rozwi\u0105zania umowy.<\/span><\/li>\n<\/ul>\n<blockquote><p><a title=\"Szkolenie Dla Dziennego Opiekuna\" href=\"https:\/\/opiekun.net\/kursy\/4\/szkolenie-dla-dziennego-opiekuna\"><span style=\"font-weight: 400;\">Zapisz babci\u0119 na \u201cSzkolenie dla Dziennego Opiekuna\u201d, by zdoby\u0142a wiedz\u0119 na temat prawid\u0142owej opieki nad dzieckiem<\/span><\/a><\/p><\/blockquote>\n<h2><span style=\"font-weight: 400;\">Czy p\u0142aci\u0107 babci za opiek\u0119 nad dzieckiem?\u00a0<\/span><\/h2>\n<p><span style=\"font-weight: 400;\">Babcia, kt\u00f3ra zatrudniona jest na podstawie umowy aktywizuj\u0105cej, musi otrzyma\u0107 wyp\u0142at\u0119 za wykonanie swojej pracy. Tak, jak wskazano powy\u017cej, Ustawa z dnia 4 lutego 2011 r. o opiece nad dzie\u0107mi w wieku do lat 3 wskazuje na <\/span><b>obowi\u0105zek umieszczenia informacji o wysoko\u015bci wynagrodzenia na umowie<\/b><span style=\"font-weight: 400;\">.\u00a0<\/span><\/p>\n<p><span style=\"font-weight: 400;\">Nie okre\u015bla jednak tego, jaka powinna by\u0107 stawka godzinowa za sprawowanie opieki nad maluchem. Jest to kwestia indywidualna ustalana pomi\u0119dzy rodzicami a babci\u0105.<\/span><\/p>\n<h2><span style=\"font-weight: 400;\">Szkolenie opieki nad dzieckiem dla babci<\/span><\/h2>\n<p><span style=\"font-weight: 400;\">Szkolenia opieki nad dzieckiem dla babci maj\u0105 na celu <\/span><b>poszerzenie wiedzy uczestniczek z zakresu wsp\u00f3\u0142czesnych sposob\u00f3w wykonywania zada\u0144 wychowawczo-opieku\u0144czych<\/b><span style=\"font-weight: 400;\">. W ten spos\u00f3b mog\u0105 dokszta\u0142ci\u0107 si\u0119 w zakresie rozwoju dziecka w okresie wczesnego dzieci\u0144stwa, a tak\u017ce jego wspierania. Ponadto babcia podczas szkolenia pozna sposoby prawid\u0142owej opieki nad maluchem.<\/span><\/p>\n<p><span style=\"font-weight: 400;\">Chocia\u017c program &#8222;Babcia Plus&#8221; i jego warunki nie zosta\u0142y wprowadzone przez rz\u0105d, przypomnienie sobie przez babci\u0119 zasad opieki nad ma\u0142ym dzieckiem przyniesie same korzy\u015bci, zar\u00f3wno dla niej, wnuka jak i rodzic\u00f3w. Oferowane przez nas <\/span><b>\u201c<\/b><a title=\"Szkolenie Dla Dziennego Opiekuna\" href=\"https:\/\/opiekun.net\/kursy\/4\/szkolenie-dla-dziennego-opiekuna\"><b>Szkolenie dla Dziennego Opiekuna<\/b><\/a><b>\u201d realizowane jest w spos\u00f3b zdalny, dzi\u0119ki czemu babcia b\u0119dzie mog\u0142a realizowa\u0107 kszta\u0142cenie w dowolnie wybranym miejscu i czasie<\/b><span style=\"font-weight: 400;\">.<\/span><\/p>\n","protected":false},"excerpt":{"rendered":"<p>Babcie bardzo cz\u0119sto odgrywaj\u0105 kluczow\u0105 rol\u0119 w wychowaniu swoich wnucz\u0105t, szczeg\u00f3lnie w przypadku wielodzietnych rodzin lub sytuacji powrotu rodzic\u00f3w do pracy. W zwi\u0105zku z tym padaj\u0105 pytania, czy babcia mo\u017ce pracowa\u0107 jako opiekunka, a tak\u017ce co z programem \u201cBabcia Plus\u201d? Jakie warunki musi spe\u0142ni\u0107, by pracowa\u0107 jako niania ma\u0142ego dziecka? Na te pytania odpowiedzieli\u015bmy w [&hellip;]<\/p>\n","protected":false},"author":8,"featured_media":680,"comment_status":"closed","ping_status":"closed","sticky":false,"template":"","format":"standard","meta":{"_lmt_disableupdate":"","_lmt_disable":"","footnotes":""},"categories":[1553],"tags":[],"class_list":["post-678","post","type-post","status-publish","format-standard","has-post-thumbnail","hentry","category-porady-i-aktualnosci"],"aioseo_notices":[],"modified_by":"digital","_links":{"self":[{"href":"https:\/\/opiekun.net\/aktualnosci\/wp-json\/wp\/v2\/posts\/678","targetHints":{"allow":["GET"]}}],"collection":[{"href":"https:\/\/opiekun.net\/aktualnosci\/wp-json\/wp\/v2\/posts"}],"about":[{"href":"https:\/\/opiekun.net\/aktualnosci\/wp-json\/wp\/v2\/types\/post"}],"author":[{"embeddable":true,"href":"https:\/\/opiekun.net\/aktualnosci\/wp-json\/wp\/v2\/users\/8"}],"replies":[{"embeddable":true,"href":"https:\/\/opiekun.net\/aktualnosci\/wp-json\/wp\/v2\/comments?post=678"}],"version-history":[{"count":2,"href":"https:\/\/opiekun.net\/aktualnosci\/wp-json\/wp\/v2\/posts\/678\/revisions"}],"predecessor-version":[{"id":1138,"href":"https:\/\/opiekun.net\/aktualnosci\/wp-json\/wp\/v2\/posts\/678\/revisions\/1138"}],"wp:featuredmedia":[{"embeddable":true,"href":"https:\/\/opiekun.net\/aktualnosci\/wp-json\/wp\/v2\/media\/680"}],"wp:attachment":[{"href":"https:\/\/opiekun.net\/aktualnosci\/wp-json\/wp\/v2\/media?parent=678"}],"wp:term":[{"taxonomy":"category","embeddable":true,"href":"https:\/\/opiekun.net\/aktualnosci\/wp-json\/wp\/v2\/categories?post=678"},{"taxonomy":"post_tag","embeddable":true,"href":"https:\/\/opiekun.net\/aktualnosci\/wp-json\/wp\/v2\/tags?post=678"}],"curies":[{"name":"wp","href":"https:\/\/api.w.org\/{rel}","templated":true}]}}