{"id":682,"date":"2023-08-15T11:08:02","date_gmt":"2023-08-15T09:08:02","guid":{"rendered":"https:\/\/opiekun.net\/aktualnosci\/?p=682"},"modified":"2023-09-05T11:14:12","modified_gmt":"2023-09-05T09:14:12","slug":"czy-niania-moze-byc-babcia","status":"publish","type":"post","link":"https:\/\/opiekun.net\/aktualnosci\/czy-niania-moze-byc-babcia\/","title":{"rendered":"Czy niania mo\u017ce by\u0107 babci\u0105?"},"content":{"rendered":"<p><span style=\"font-weight: 400;\">Sprawowanie opieki nad dzie\u0107mi to nie lada wyzwanie, dlatego te\u017c osoba decyduj\u0105ca si\u0119 podj\u0105\u0107 prac\u0119 jako niania, powinna zdoby\u0107 odpowiednie przygotowanie do sprawowania tej funkcji. Ponadto potwierdzone kompetencje opiekunki wp\u0142ywaj\u0105 na komfort rodzic\u00f3w, kt\u00f3rzy chc\u0105 powierzy\u0107 opiek\u0119 nad dzieckiem w bezpieczne r\u0119ce. W tym artykule odpowiemy na kilka pyta\u0144 dotycz\u0105cych zawodu niani, skupiaj\u0105c si\u0119 na tym, czy niania mo\u017ce by\u0107 babci\u0105.<\/span><\/p>\n<h2><span style=\"font-weight: 400;\">Czy niania to zaw\u00f3d?<\/span><\/h2>\n<p><span style=\"font-weight: 400;\">Tak, <\/span><b>niania jest zawodem, poniewa\u017c zosta\u0142 on wpisany do <\/b><b>klasyfikacji zawod\u00f3w i specjalno\u015bci <\/b><span style=\"font-weight: 400;\">wprowadzonej Rozporz\u0105dzeniem Ministra Pracy i Polityki Spo\u0142ecznej z dnia 7 sierpnia 2014 r. w sprawie klasyfikacji zawod\u00f3w i specjalno\u015bci na potrzeby rynku pracy oraz zakresu jej stosowania. Lista ta zosta\u0142a opracowana na podstawie Mi\u0119dzynarodowego Standardu Klasyfikacji Zawod\u00f3w ISCO-08. <\/span><b>Niania otrzyma\u0142a<\/b> <b>kod zawodu o numerze: 531104 i okre\u015blana jest tak\u017ce jako opiekunka dzieci\u0119ca domowa<\/b><span style=\"font-weight: 400;\">.<\/span><\/p>\n<h2><span style=\"font-weight: 400;\">Co to znaczy s\u0142owo niania?<\/span><\/h2>\n<p><span style=\"font-weight: 400;\">Niania to okre\u015blenie dla osoby, kt\u00f3ra <\/span><b>sprawuje opiek\u0119 nad dzieckiem w warunkach domowych<\/b><span style=\"font-weight: 400;\">. W <\/span><span style=\"font-weight: 400;\">Ustawie z dnia 4 lutego 2011 r. o opiece nad dzie\u0107mi w wieku do lat 3 okre\u015blono, \u017ce:\u00a0<\/span><\/p>\n<p><span style=\"font-weight: 400;\">\u201cniani\u0105 jest osoba fizyczna sprawuj\u0105ca opiek\u0119 nad dzie\u0107mi na podstawie umowy o \u015bwiadczenie us\u0142ug, do kt\u00f3rej zgodnie z przepisami Kodeksu cywilnego stosuje si\u0119 przepisy dotycz\u0105ce zlecenia, zwanej dalej umow\u0105 uaktywniaj\u0105c\u0105\u201d.<\/span><\/p>\n<p><span style=\"font-weight: 400;\">Wed\u0142ug tego aktu prawnego mo\u017ce ona zajmowa\u0107 si\u0119 maluchami w\u00a0 wieku od uko\u0144czenia 20. tygodnia \u017cycia.<\/span><\/p>\n<h2><span style=\"font-weight: 400;\">Czy niania mo\u017ce by\u0107 babci\u0105?<\/span><\/h2>\n<p><b>Nie ma przeciwwskaza\u0144 do tego, \u017ceby babcia pracowa\u0142a jako niania, nawet w przypadku sprawowania opieki nad w\u0142asnym wnukiem<\/b><span style=\"font-weight: 400;\">. To dlatego, \u017ce <\/span><span style=\"font-weight: 400;\">nie ma przepis\u00f3w zabraniaj\u0105cych zatrudniania do pracy cz\u0142onk\u00f3w rodziny. Wskazana powy\u017cej definicja nie okre\u015bla p\u0142ci osoby, kt\u00f3ra mo\u017ce by\u0107 zatrudniona na tym stanowisku, w zwi\u0105zku z tym r\u00f3wnie\u017c dziadkowie mogliby pracowa\u0107 w charakterze niani. Wi\u0119cej na ten temat pisali\u015bmy w artykule:<\/span><a title=\"Jak zarejestrowa\u0107 babci\u0119 jako opiekunk\u0119 do dziecka?\" href=\"https:\/\/opiekun.net\/aktualnosci\/jak-zarejestrowac-babcie-jako-opiekunke-do-dziecka\/\"> <span style=\"font-weight: 400;\">Jak zarejestrowa\u0107 babci\u0119 jako opiekunk\u0119 do dziecka?<\/span><\/a><\/p>\n<p><img loading=\"lazy\" decoding=\"async\" class=\"aligncenter wp-image-683 size-large\" src=\"https:\/\/opiekun.net\/aktualnosci\/wp-content\/uploads\/2023\/09\/niania-babcia-1024x553.jpg\" alt=\"niania babcia\" width=\"696\" height=\"376\" srcset=\"https:\/\/opiekun.net\/aktualnosci\/wp-content\/uploads\/2023\/09\/niania-babcia-1024x553.jpg 1024w, https:\/\/opiekun.net\/aktualnosci\/wp-content\/uploads\/2023\/09\/niania-babcia-300x162.jpg 300w, https:\/\/opiekun.net\/aktualnosci\/wp-content\/uploads\/2023\/09\/niania-babcia-768x415.jpg 768w, https:\/\/opiekun.net\/aktualnosci\/wp-content\/uploads\/2023\/09\/niania-babcia-696x376.jpg 696w, https:\/\/opiekun.net\/aktualnosci\/wp-content\/uploads\/2023\/09\/niania-babcia-1068x577.jpg 1068w, https:\/\/opiekun.net\/aktualnosci\/wp-content\/uploads\/2023\/09\/niania-babcia-778x420.jpg 778w\" sizes=\"auto, (max-width: 696px) 100vw, 696px\" \/><\/p>\n<h2><span style=\"font-weight: 400;\">Jakie ma obowi\u0105zki niania?<\/span><\/h2>\n<p><span style=\"font-weight: 400;\">Niania zajmuje si\u0119 <\/span><b>wszechstronnymi zadaniami piel\u0119gnacyjnymi oraz wychowawczo-opieku\u0144czymi<\/b><span style=\"font-weight: 400;\">, a tak\u017ce organizuje czas dziecka w spos\u00f3b dostosowany do jego wieku i mo\u017cliwo\u015bci.\u00a0<\/span><\/p>\n<p><span style=\"font-weight: 400;\">Wobec tego do obowi\u0105zk\u00f3w niani nale\u017cy:\u00a0<\/span><\/p>\n<ul>\n<li style=\"font-weight: 400;\" aria-level=\"1\"><span style=\"font-weight: 400;\">\u017cywienie dziecka zgodnie z normami \u017cywieniowymi;<\/span><\/li>\n<li style=\"font-weight: 400;\" aria-level=\"1\"><span style=\"font-weight: 400;\">monitorowanie stanu zdrowia dziecka, a w sytuacji zagro\u017cenia udzielanie mu pierwszej pomocy przedmedycznej;<\/span><\/li>\n<li style=\"font-weight: 400;\" aria-level=\"1\"><span style=\"font-weight: 400;\">budowanie relacji z dzieckiem opartej na zaufaniu;<\/span><\/li>\n<li style=\"font-weight: 400;\" aria-level=\"1\"><span style=\"font-weight: 400;\">wsp\u00f3\u0142pracowanie z rodzicami w zakresie stymulowania rozwoju dziecka;<\/span><\/li>\n<li style=\"font-weight: 400;\" aria-level=\"1\"><span style=\"font-weight: 400;\">kszta\u0142towanie pozytywnych zachowa\u0144, cech osobowo\u015bci;<\/span><\/li>\n<li style=\"font-weight: 400;\" aria-level=\"1\"><span style=\"font-weight: 400;\">wspieranie aktywno\u015bci i samodzielno\u015bci dziecka;<\/span><\/li>\n<li style=\"font-weight: 400;\" aria-level=\"1\"><span style=\"font-weight: 400;\">organizowanie zabaw i zaj\u0119\u0107 wspieraj\u0105cych rozw\u00f3j malucha.<\/span><\/li>\n<\/ul>\n<blockquote><p><a title=\"Szkolenie dla Dziennego Opiekuna\" href=\"https:\/\/opiekun.net\/kursy\/4\/szkolenie-dla-dziennego-opiekuna\"><span style=\"font-weight: 400;\">Zdob\u0105d\u017a wiedz\u0119 z zakresu prawid\u0142owej opieki nad dzieckiem na \u201cSzkoleniu dla dziennego opiekuna\u201d<\/span><\/a><\/p><\/blockquote>\n<h2><span style=\"font-weight: 400;\">Ile p\u0142aci\u0107 babci za opiek\u0119 nad dzieckiem?\u00a0<\/span><\/h2>\n<p><span style=\"font-weight: 400;\">\u015arednia wysoko\u015b\u0107 wynagrodzenia niani wed\u0142ug Og\u00f3lnopolskiego Badania Wynagrodze\u0144 wynosi <\/span><b>3570 z\u0142 brutto<\/b><span style=\"font-weight: 400;\">. Pensja ta oscyluje pomi\u0119dzy 3280 z\u0142 a 4060 z\u0142 brutto. Dane te zosta\u0142y zaktualizowane w styczniu 2023 r. <\/span><span style=\"font-weight: 400;\">\u00a0<\/span><\/p>\n<p><span style=\"font-weight: 400;\">To, ile p\u0142aci\u0107 babci za opiek\u0119 nad dzieckiem, zale\u017cy od indywidualnych ustale\u0144 pomi\u0119dzy niani\u0105 a rodzicami malucha, a tak\u017ce ilo\u015bci\u0105 przepracowanych godzin. Ustawa <\/span><span style=\"font-weight: 400;\">z dnia 4 lutego 2011 r. o opiece nad dzie\u0107mi w wieku do lat 3 <\/span><b>nie narzuca stawki, kt\u00f3ra mia\u0142aby by\u0107 wyp\u0142acana za t\u0105 prac\u0119<\/b><span style=\"font-weight: 400;\">.<\/span><\/p>\n<h2><span style=\"font-weight: 400;\">Czy warto zapisa\u0107 babci\u0119 na szkolenie z opieki nad dzieckiem?<\/span><\/h2>\n<p><span style=\"font-weight: 400;\">Chocia\u017c babcia ma du\u017ce do\u015bwiadczenie w wychowaniu dziecka w r\u00f3\u017cnych etapach jego \u017cycia, to metody opieki nad maluchami, a tak\u017ce wykorzystywane do tego narz\u0119dzia stale si\u0119 zmieniaj\u0105. W zwi\u0105zku z tym <\/span><b>warto zapisa\u0107 babci\u0119 na szkolenie, kt\u00f3re pozwoli jej przybli\u017cy\u0107 wsp\u00f3\u0142czesne sposoby prawid\u0142owego zajmowania si\u0119 dzieckiem i stymulowania jego rozwoju<\/b><span style=\"font-weight: 400;\">.<\/span><\/p>\n<p><span style=\"font-weight: 400;\">Takie kszta\u0142cenie oferuje <\/span><b>\u201c<\/b><a title=\"Szkolenie dla Dziennego Opiekuna\" href=\"https:\/\/opiekun.net\/kursy\/4\/szkolenie-dla-dziennego-opiekuna\"><b>Szkolenie dla Dziennego Opiekuna<\/b><\/a><span style=\"font-weight: 400;\">\u201d, kt\u00f3re prowadzone jest w formie zdalnej. Dzi\u0119ki temu ka\u017cdy senior lub seniorka b\u0119dzie mog\u0142a zrealizowa\u0107 je we w\u0142asnym domu albo innym miejscu z dost\u0119pem do internetu. Ponadto absolwenci tego szkolenia otrzymuj\u0105 za\u015bwiadczenie o uko\u0144czeniu szkolenia, kt\u00f3re potwierdza zrealizowanie danego materia\u0142u.<\/span><\/p>\n","protected":false},"excerpt":{"rendered":"<p>Sprawowanie opieki nad dzie\u0107mi to nie lada wyzwanie, dlatego te\u017c osoba decyduj\u0105ca si\u0119 podj\u0105\u0107 prac\u0119 jako niania, powinna zdoby\u0107 odpowiednie przygotowanie do sprawowania tej funkcji. Ponadto potwierdzone kompetencje opiekunki wp\u0142ywaj\u0105 na komfort rodzic\u00f3w, kt\u00f3rzy chc\u0105 powierzy\u0107 opiek\u0119 nad dzieckiem w bezpieczne r\u0119ce. W tym artykule odpowiemy na kilka pyta\u0144 dotycz\u0105cych zawodu niani, skupiaj\u0105c si\u0119 na [&hellip;]<\/p>\n","protected":false},"author":8,"featured_media":684,"comment_status":"closed","ping_status":"closed","sticky":false,"template":"","format":"standard","meta":{"_lmt_disableupdate":"","_lmt_disable":"","footnotes":""},"categories":[1553],"tags":[],"class_list":["post-682","post","type-post","status-publish","format-standard","has-post-thumbnail","hentry","category-porady-i-aktualnosci"],"aioseo_notices":[],"modified_by":"Emilia","_links":{"self":[{"href":"https:\/\/opiekun.net\/aktualnosci\/wp-json\/wp\/v2\/posts\/682","targetHints":{"allow":["GET"]}}],"collection":[{"href":"https:\/\/opiekun.net\/aktualnosci\/wp-json\/wp\/v2\/posts"}],"about":[{"href":"https:\/\/opiekun.net\/aktualnosci\/wp-json\/wp\/v2\/types\/post"}],"author":[{"embeddable":true,"href":"https:\/\/opiekun.net\/aktualnosci\/wp-json\/wp\/v2\/users\/8"}],"replies":[{"embeddable":true,"href":"https:\/\/opiekun.net\/aktualnosci\/wp-json\/wp\/v2\/comments?post=682"}],"version-history":[{"count":1,"href":"https:\/\/opiekun.net\/aktualnosci\/wp-json\/wp\/v2\/posts\/682\/revisions"}],"predecessor-version":[{"id":685,"href":"https:\/\/opiekun.net\/aktualnosci\/wp-json\/wp\/v2\/posts\/682\/revisions\/685"}],"wp:featuredmedia":[{"embeddable":true,"href":"https:\/\/opiekun.net\/aktualnosci\/wp-json\/wp\/v2\/media\/684"}],"wp:attachment":[{"href":"https:\/\/opiekun.net\/aktualnosci\/wp-json\/wp\/v2\/media?parent=682"}],"wp:term":[{"taxonomy":"category","embeddable":true,"href":"https:\/\/opiekun.net\/aktualnosci\/wp-json\/wp\/v2\/categories?post=682"},{"taxonomy":"post_tag","embeddable":true,"href":"https:\/\/opiekun.net\/aktualnosci\/wp-json\/wp\/v2\/tags?post=682"}],"curies":[{"name":"wp","href":"https:\/\/api.w.org\/{rel}","templated":true}]}}