{"id":686,"date":"2023-08-25T11:15:59","date_gmt":"2023-08-25T09:15:59","guid":{"rendered":"https:\/\/opiekun.net\/aktualnosci\/?p=686"},"modified":"2025-10-10T15:48:06","modified_gmt":"2025-10-10T13:48:06","slug":"opiekun-dzienny-wymagania-lokalowe-jakie-trzeba-spelnic","status":"publish","type":"post","link":"https:\/\/opiekun.net\/aktualnosci\/opiekun-dzienny-wymagania-lokalowe-jakie-trzeba-spelnic\/","title":{"rendered":"Opiekun dzienny \u2013 wymagania lokalowe, jakie trzeba spe\u0142ni\u0107"},"content":{"rendered":"<p><span style=\"font-weight: 400;\">Ustawa z dnia 4 lutego 2011 r. o opiece nad dzie\u0107mi w wieku do lat 3 okre\u015bla, \u017ce: \u201copieka nad dzie\u0107mi w wieku do lat 3 mo\u017ce by\u0107 organizowana w formie \u017c\u0142obka lub klubu dzieci\u0119cego, a tak\u017ce sprawowana przez dziennego opiekuna oraz niani\u0119\u201d. W dalszej cz\u0119\u015bci artyku\u0142u om\u00f3wimy, jakie wymagania lokalowe musi spe\u0142ni\u0107 opiekun dzienny.<\/span><\/p>\n<h2><span style=\"font-weight: 400;\">Czym jest dzienny punkt opieki nad dzie\u0107mi?<\/span><\/h2>\n<p><b>Dziennym punktem opieki nad dzie\u0107mi <\/b><span style=\"font-weight: 400;\">okre\u015bla si\u0119 jedn\u0105 z form instytucjonalnej opieki nad maluszkami. Jest ona sprawowana przez dziennego opiekuna, kt\u00f3ry dba o to, by zapewni\u0107 dziecku w wieku od 20. tygodnia \u017cycia do uko\u0144czenia 3 lat w\u0142a\u015bciw\u0105 <\/span><b>opiek\u0119 w warunkach bytowych zbli\u017conych do warunk\u00f3w domowych<\/b><span style=\"font-weight: 400;\">.<\/span><\/p>\n<p><span style=\"font-weight: 400;\">W dziennym punkcie opieki nad dzie\u0107mi prowadzone s\u0105 zaj\u0119cia opieku\u0144czo-wychowawcze i edukacyjne, kt\u00f3re uwzgl\u0119dniaj\u0105 w\u0142a\u015bciwy do wieku rozw\u00f3j psychomotoryczny malucha. <\/span><b>Podczas opieki piel\u0119gnacyjnej oraz edukacyjnej dzienny opiekun ma obowi\u0105zek wzi\u0105\u0107 pod uwag\u0119 indywidualne potrzeby dziecka<\/b><span style=\"font-weight: 400;\">.<\/span><\/p>\n<blockquote><p><a title=\"Szkolenie dla Dziennego Opiekuna\" href=\"https:\/\/opiekun.net\/kursy\/4\/szkolenie-dla-dziennego-opiekuna\"><span style=\"font-weight: 400;\">Poznaj sposoby rozpoznawania potrzeb rozwojowych dziecka na \u201cSzkoleniu na Dziennego Opiekuna\u201d<\/span><\/a><\/p><\/blockquote>\n<h2><span style=\"font-weight: 400;\">Opiekun dzienny: wymagania lokalowe\u00a0<\/span><\/h2>\n<p><span style=\"font-weight: 400;\">Wobec opiekuna dziennego wymagania lokalowe zosta\u0142y okre\u015blone prawnie w taki spos\u00f3b, aby zagwarantowa\u0107 maluchowi bezpieczne warunki. Nadz\u00f3r w tej kwestii, a tak\u017ce kontrol\u0119 jako\u015bci opieki wykonywanej przez dziennego opiekuna sprawuje w\u00f3jt, burmistrz lub prezydent miasta. Wynika to z tego, \u017ce <\/span><b>pe\u0142nienie funkcji dziennego opiekuna wymaga uzyskania wpisu do wykazu dziennych opiekun\u00f3w<\/b><span style=\"font-weight: 400;\">, co dzieje si\u0119 po zatwierdzeniu odpowiednich warunk\u00f3w przez odpowiedni organ wykonawczy.<\/span><\/p>\n<p><span style=\"font-weight: 400;\">Wymagania dotycz\u0105ce lokalu (punktu opieki nad dzie\u0107mi), w kt\u00f3rym sprawowana jest opieka przez dziennego opiekuna, zosta\u0142y okre\u015blone w art. 42. Ustawy z dnia 4 lutego 2011 r. o opiece nad dzie\u0107mi w wieku do lat 3. Okre\u015blono w niej, \u017ce:<\/span><\/p>\n<ol>\n<li style=\"font-weight: 400;\" aria-level=\"1\"><span style=\"font-weight: 400;\">\u201cDzienny opiekun sprawuje opiek\u0119 nad dzie\u0107mi w lokalu, do kt\u00f3rego posiada tytu\u0142 prawny.<\/span><\/li>\n<li style=\"font-weight: 400;\" aria-level=\"1\"><span style=\"font-weight: 400;\">Podmiot zatrudniaj\u0105cy dziennego opiekuna mo\u017ce udost\u0119pni\u0107 lub wyposa\u017cy\u0107 lokal w celu sprawowania opieki przez dziennego opiekuna.<\/span><\/li>\n<li style=\"font-weight: 400;\" aria-level=\"1\"><span style=\"font-weight: 400;\">W jednym lokalu mo\u017ce by\u0107 sprawowana opieka przez wi\u0119cej ni\u017c jednego dziennego opiekuna, z tym \u017ce w jednym pomieszczeniu przeznaczonym na zbiorowy pobyt dzieci mo\u017ce by\u0107 sprawowana opieka tylko przez jednego dziennego opiekuna\u201d.<\/span><\/li>\n<\/ol>\n<p><img loading=\"lazy\" decoding=\"async\" class=\"aligncenter wp-image-689 size-full\" src=\"https:\/\/opiekun.net\/aktualnosci\/wp-content\/uploads\/2023\/09\/wymagania-wobec-przedszkola-1.jpg\" alt=\"\" width=\"5983\" height=\"3297\" srcset=\"https:\/\/opiekun.net\/aktualnosci\/wp-content\/uploads\/2023\/09\/wymagania-wobec-przedszkola-1.jpg 5983w, https:\/\/opiekun.net\/aktualnosci\/wp-content\/uploads\/2023\/09\/wymagania-wobec-przedszkola-1-300x165.jpg 300w, https:\/\/opiekun.net\/aktualnosci\/wp-content\/uploads\/2023\/09\/wymagania-wobec-przedszkola-1-768x423.jpg 768w, https:\/\/opiekun.net\/aktualnosci\/wp-content\/uploads\/2023\/09\/wymagania-wobec-przedszkola-1-1024x564.jpg 1024w, https:\/\/opiekun.net\/aktualnosci\/wp-content\/uploads\/2023\/09\/wymagania-wobec-przedszkola-1-696x385.jpg 696w, https:\/\/opiekun.net\/aktualnosci\/wp-content\/uploads\/2023\/09\/wymagania-wobec-przedszkola-1-1068x589.jpg 1068w, https:\/\/opiekun.net\/aktualnosci\/wp-content\/uploads\/2023\/09\/wymagania-wobec-przedszkola-1-762x420.jpg 762w\" sizes=\"auto, (max-width: 5983px) 100vw, 5983px\" \/><\/p>\n<p><span style=\"font-weight: 400;\">W zwi\u0105zku z powy\u017cszym ustawa nie przewiduje specjalnych wymaga\u0144 dotycz\u0105cych budynku, w kt\u00f3rym ma powsta\u0107 punkt opieki nad dzie\u0107mi. Nie zwalnia to jednak z obowi\u0105zku <\/span><b>spe\u0142nienia warunk\u00f3w higieniczno-sanitarnych oraz ochrony przeciwpo\u017carowej<\/b><span style=\"font-weight: 400;\">.<\/span><\/p>\n<h2><span style=\"font-weight: 400;\">Punkt opieki dziennej \u2013 wymagania wobec dziennego opiekuna<\/span><\/h2>\n<p><span style=\"font-weight: 400;\">Punkt opieki nad dzie\u0107mi powinien spe\u0142nia\u0107 warunki, kt\u00f3re umo\u017cliwi\u0105 dzieciom bezpieczne przebywanie w tym miejscu. Wi\u0105\u017ce si\u0119 to tak\u017ce z obowi\u0105zkiem <\/span><b>zapewnienia opiekuna odpowiednio przygotowanego do pracy z maluchami<\/b><span style=\"font-weight: 400;\">.\u00a0<\/span><\/p>\n<p><span style=\"font-weight: 400;\">Dziennym opiekunem mo\u017ce by\u0107 osoba, kt\u00f3ra:<\/span><\/p>\n<ul>\n<li style=\"font-weight: 400;\" aria-level=\"1\"><span style=\"font-weight: 400;\">daje r\u0119kojmi\u0119 nale\u017cytego sprawowania opieki nad dzie\u0107mi;<\/span><\/li>\n<li style=\"font-weight: 400;\" aria-level=\"1\"><span style=\"font-weight: 400;\">nie jest pozbawiona i nie ma ograniczenia w\u0142adzy rodzicielskiej;<\/span><\/li>\n<li style=\"font-weight: 400;\" aria-level=\"1\"><span style=\"font-weight: 400;\">wype\u0142nia obowi\u0105zek alimentacyjny;<\/span><\/li>\n<li style=\"font-weight: 400;\" aria-level=\"1\"><span style=\"font-weight: 400;\">nie zosta\u0142a skazana prawomocnym wyrokiem za umy\u015blne przest\u0119pstwo lub na tle seksualnym;<\/span><\/li>\n<li style=\"font-weight: 400;\" aria-level=\"1\"><span style=\"font-weight: 400;\">posiada wiedz\u0119 i kompetencje niezb\u0119dne do wykonywania tej pracy;<\/span><\/li>\n<li style=\"font-weight: 400;\" aria-level=\"1\"><span style=\"font-weight: 400;\">odby\u0142a szkolenie z udzielania pierwszej pomocy.<\/span><span style=\"font-weight: 400;\">\u00a0<\/span><\/li>\n<\/ul>\n<h2><span style=\"font-weight: 400;\">Szkolenie dla Dziennego Opiekuna<\/span><\/h2>\n<p><span style=\"font-weight: 400;\">Oferowane przez nas \u201c<\/span><a title=\"Szkolenie dla Dziennego Opiekuna\" href=\"https:\/\/opiekun.net\/kursy\/4\/szkolenie-dla-dziennego-opiekuna\"><b>Szkolenie dla Dziennego Opiekuna<\/b><\/a><span style=\"font-weight: 400;\">\u201d daje uczestnikom mo\u017cliwo\u015b\u0107 zdobycia wiedzy i umiej\u0119tno\u015bci niezb\u0119dnych do sprawowania prawid\u0142owej opieki nad maluchami. W zwi\u0105zku z tym podczas niego uczestnik zdob\u0119dzie wiedz\u0119 m.in. na temat:<\/span><\/p>\n<ul>\n<li style=\"font-weight: 400;\" aria-level=\"1\"><span style=\"font-weight: 400;\">rozpoznawania potrzeb rozwojowych dziecka,\u00a0<\/span><\/li>\n<li style=\"font-weight: 400;\" aria-level=\"1\"><span style=\"font-weight: 400;\">\u017ar\u00f3de\u0142 szans i zagro\u017ce\u0144 rozwoju dziecka do lat 3;<\/span><\/li>\n<li style=\"font-weight: 400;\" aria-level=\"1\"><span style=\"font-weight: 400;\">budowania relacji z maluchem;<\/span><\/li>\n<li style=\"font-weight: 400;\" aria-level=\"1\"><span style=\"font-weight: 400;\">opieki piel\u0119gnacyjnej i zdrowotnej;<\/span><\/li>\n<li style=\"font-weight: 400;\" aria-level=\"1\"><span style=\"font-weight: 400;\">kreowania przedmiotowego i spo\u0142ecznego \u015brodowiska rozwoju dziecka;<\/span><\/li>\n<li style=\"font-weight: 400;\" aria-level=\"1\"><span style=\"font-weight: 400;\">zabawy jako podstawowej forma aktywno\u015bci.<\/span><\/li>\n<\/ul>\n<p><span style=\"font-weight: 400;\">Absolwent otrzymuje <\/span><b>za\u015bwiadczenie o uko\u0144czeniu szkolenia<\/b><span style=\"font-weight: 400;\">. Uczestnik nie musi si\u0119 martwi\u0107 o wiarygodno\u015b\u0107 otrzymanego dokumentu, poniewa\u017c <\/span><b>Krajowy Instytut Medyczny posiada zgod\u0119 na jego organizacj\u0119 od Ministra Rodziny i Polityki Spo\u0142ecznej<\/b><span style=\"font-weight: 400;\">.<\/span><\/p>\n","protected":false},"excerpt":{"rendered":"<p>Ustawa z dnia 4 lutego 2011 r. o opiece nad dzie\u0107mi w wieku do lat 3 okre\u015bla, \u017ce: \u201copieka nad dzie\u0107mi w wieku do lat 3 mo\u017ce by\u0107 organizowana w formie \u017c\u0142obka lub klubu dzieci\u0119cego, a tak\u017ce sprawowana przez dziennego opiekuna oraz niani\u0119\u201d. W dalszej cz\u0119\u015bci artyku\u0142u om\u00f3wimy, jakie wymagania lokalowe musi spe\u0142ni\u0107 opiekun dzienny. [&hellip;]<\/p>\n","protected":false},"author":8,"featured_media":690,"comment_status":"closed","ping_status":"closed","sticky":false,"template":"","format":"standard","meta":{"_lmt_disableupdate":"","_lmt_disable":"","footnotes":""},"categories":[1550],"tags":[],"class_list":["post-686","post","type-post","status-publish","format-standard","has-post-thumbnail","hentry","category-praca-opiekunki"],"aioseo_notices":[],"modified_by":"digital","_links":{"self":[{"href":"https:\/\/opiekun.net\/aktualnosci\/wp-json\/wp\/v2\/posts\/686","targetHints":{"allow":["GET"]}}],"collection":[{"href":"https:\/\/opiekun.net\/aktualnosci\/wp-json\/wp\/v2\/posts"}],"about":[{"href":"https:\/\/opiekun.net\/aktualnosci\/wp-json\/wp\/v2\/types\/post"}],"author":[{"embeddable":true,"href":"https:\/\/opiekun.net\/aktualnosci\/wp-json\/wp\/v2\/users\/8"}],"replies":[{"embeddable":true,"href":"https:\/\/opiekun.net\/aktualnosci\/wp-json\/wp\/v2\/comments?post=686"}],"version-history":[{"count":2,"href":"https:\/\/opiekun.net\/aktualnosci\/wp-json\/wp\/v2\/posts\/686\/revisions"}],"predecessor-version":[{"id":1118,"href":"https:\/\/opiekun.net\/aktualnosci\/wp-json\/wp\/v2\/posts\/686\/revisions\/1118"}],"wp:featuredmedia":[{"embeddable":true,"href":"https:\/\/opiekun.net\/aktualnosci\/wp-json\/wp\/v2\/media\/690"}],"wp:attachment":[{"href":"https:\/\/opiekun.net\/aktualnosci\/wp-json\/wp\/v2\/media?parent=686"}],"wp:term":[{"taxonomy":"category","embeddable":true,"href":"https:\/\/opiekun.net\/aktualnosci\/wp-json\/wp\/v2\/categories?post=686"},{"taxonomy":"post_tag","embeddable":true,"href":"https:\/\/opiekun.net\/aktualnosci\/wp-json\/wp\/v2\/tags?post=686"}],"curies":[{"name":"wp","href":"https:\/\/api.w.org\/{rel}","templated":true}]}}