{"id":754,"date":"2023-11-08T14:58:08","date_gmt":"2023-11-08T13:58:08","guid":{"rendered":"https:\/\/opiekun.net\/aktualnosci\/?p=754"},"modified":"2025-10-10T15:44:32","modified_gmt":"2025-10-10T13:44:32","slug":"od-ilu-lat-mozna-pracowac-jako-opiekunka","status":"publish","type":"post","link":"https:\/\/opiekun.net\/aktualnosci\/od-ilu-lat-mozna-pracowac-jako-opiekunka\/","title":{"rendered":"Od ilu lat mo\u017cna pracowa\u0107 jako opiekunka?"},"content":{"rendered":"<p><span style=\"font-weight: 400;\">Opiekunka to bardzo odpowiedzialna praca. Osobie, kt\u00f3ra \u015bwiadczy takie us\u0142ugi, powierza si\u0119 w ko\u0144cu w\u0142asne dziecko. Zgodnie z przepisami jest to osoba fizyczna, kt\u00f3ra posiada pe\u0142n\u0105 zdolno\u015b\u0107 do czynno\u015bci prawnych. Od ilu lat mo\u017cna pracowa\u0107 jako opiekunka? Czy nieletni mo\u017ce opiekowa\u0107 si\u0119 dzieckiem? Jakie s\u0105 obowi\u0105zki opiekunki? Co przepisy m\u00f3wi\u0105 o tym zawodzie i jaki jest kod zawodu? Tego wszystkiego dowiesz si\u0119 z dzisiejszego artyku\u0142u!<\/span><\/p>\n<h2><span style=\"font-weight: 400;\">Od ilu lat mo\u017cna pracowa\u0107 jako opiekunka?<\/span><\/h2>\n<p><b>Od ilu lat mo\u017cna pracowa\u0107 jako opiekunka? <\/b><span style=\"font-weight: 400;\">Od opiekunki wymaga si\u0119 tego, by mia\u0142a uko\u0144czone 18 lat. Aktualne przepisy nie okre\u015blaj\u0105 tego, od jakiego wieku dzieci mog\u0105 zostawa\u0107 same w domu, ale je\u017celi opiekunka b\u0119dzie m\u0142odsza, ni\u017c 18 lat nie ma pe\u0142nej zdolno\u015bci do czynno\u015bci prawnych, a jedynie ograniczon\u0105. C<span data-sheets-root=\"1\">zy nieletnia mo\u017ce zatem opiekowa\u0107 si\u0119 dzieckiem? <\/span>Formalnie nie mo\u017ce wzi\u0105\u0107 pe\u0142nej odpowiedzialno\u015bci za dziecko pozostawione pod jej opiek\u0105. W praktyce oznacza to tyle, \u017ce rodzice pozostawiaj\u0105cy swoje dziecko pod opiek\u0105 niepe\u0142noletniej osoby wci\u0105\u017c s\u0105 za nie w pe\u0142ni odpowiedzialni, nawet je\u017celi nie ma ich na miejscu.<\/span><\/p>\n<blockquote>\n<p><a title=\"Szkolenie uzupe\u0142niaj\u0105ce dla opiekuna w \u017c\u0142obku lub klubie dzieci\u0119cym\" href=\"https:\/\/opiekun.net\/kursy\/2\/szkolenie-uzupelniajace-dla-opiekuna-w-zlobku-lub-klubie-dzieciecym\"><span style=\"font-weight: 400;\">JU\u017b DZI\u015a ROZPOCZNIJ \u201eSZKOLENIE NA OPIEKUNA W \u017b\u0141OBKU LUB KLUBIE DZIECI\u0118CYM\u201d I ROZWIJAJ SWOJE KOMPETENCJE RAZEM Z NAMI!<\/span><\/a><\/p>\n<\/blockquote>\n<p><span style=\"font-weight: 400;\">Co warto wiedzie\u0107 o zawodzie opiekunki dzieci\u0119cej?<\/span><\/p>\n<p><span style=\"font-weight: 400;\">Opiekunka dzieci\u0119ca to zaw\u00f3d sklasyfikowany pod kodem 325905. Za zaw\u00f3d pokrewny wzgl\u0119dem opiekunki dzieci\u0119cej mo\u017cna uzna\u0107 przyk\u0142adowo dziennego opiekuna ma\u0142ego dziecka, kt\u00f3ry to sprawuje opiek\u0119 nad dzie\u0107mi do lat 3, a jego zaw\u00f3d znajdziemy pod numerem 531108. Wyr\u00f3\u017cni\u0107 mo\u017cna tak\u017ce zaw\u00f3d opiekunki dzieci\u0119cej domowej, kt\u00f3ra zosta\u0142a opisana numerem 531104. W Mi\u0119dzynarodowym Standardzie Klasyfikacji Zawod\u00f3w ISCO-08 odpowiada grupie zawod\u00f3w 5311, czyli \u201eChild care workers\u201d.<\/span><\/p>\n<h2><span style=\"font-weight: 400;\">Czym r\u00f3\u017cni si\u0119 opiekunka dzieci\u0119ca od opieki dziennej ma\u0142ego dziecka?<\/span><\/h2>\n<p><span style=\"font-weight: 400;\">Opiekunka dzieci\u0119ca to osoba, kt\u00f3ra sprawuje opiek\u0119 nad dzie\u0107mi w gospodarstwie domowym lub na w\u0142asne potrzeby, r\u00f3wnie\u017c poza domem, udaj\u0105c si\u0119 pod adresy os\u00f3b zainteresowanych. Mo\u017ce sprawowa\u0107 opiek\u0119 stacjonarn\u0105, a tak\u017ce zabiera\u0107 dzieci na spacery, zaprowadza\u0107 je do \u017c\u0142obka lub przedszkola i odbiera\u0107 stamt\u0105d. Opieka dzienna ma\u0142ego dziecka organizuje opiek\u0119 instytucjonaln\u0105 np. na wsiach, gdzie nie ma wystarczaj\u0105cej liczby dzieci do tego, by utworzy\u0107 przyk\u0142adowo \u017c\u0142obek. Mo\u017ce mie\u0107 pod opiek\u0105 do pi\u0119ciu dzieci. Je\u015bli marzysz o pracy jako profesjonalna opiekunka dzieci\u0119ca lub chcesz rozwija\u0107 swoj\u0105 dzia\u0142alno\u015b\u0107 w opiece dziennej, nasze \u201eSzkolenie na Opiekuna w \u017b\u0142obku lub Klubie Dzieci\u0119cym\u201d jest idealnym rozwi\u0105zaniem! Zdob\u0119dziesz nie tylko niezb\u0119dn\u0105 wiedz\u0119, a tak\u017ce potrzebne umiej\u0119tno\u015bci.<\/span><\/p>\n<p>A czy nieletni mo\u017ce opiekowa\u0107 si\u0119 dzieckiem w ramach opieki dziennej? Nie &#8211; w takim przypadku r\u00f3wnie\u017c opiekun musi mie\u0107 uko\u0144czone 18 lat.<\/p>\n<p><img loading=\"lazy\" decoding=\"async\" class=\"alignnone size-full wp-image-755\" src=\"https:\/\/opiekun.net\/aktualnosci\/wp-content\/uploads\/2024\/01\/od-ilu-lat-mo\u017cna-pracowa\u0107-jako-opiekunka.jpg\" alt=\"od ilu lat mo\u017cna pracowa\u0107 jako opiekunka\" width=\"6000\" height=\"4000\" srcset=\"https:\/\/opiekun.net\/aktualnosci\/wp-content\/uploads\/2024\/01\/od-ilu-lat-mo\u017cna-pracowa\u0107-jako-opiekunka.jpg 6000w, https:\/\/opiekun.net\/aktualnosci\/wp-content\/uploads\/2024\/01\/od-ilu-lat-mo\u017cna-pracowa\u0107-jako-opiekunka-300x200.jpg 300w, https:\/\/opiekun.net\/aktualnosci\/wp-content\/uploads\/2024\/01\/od-ilu-lat-mo\u017cna-pracowa\u0107-jako-opiekunka-768x512.jpg 768w, https:\/\/opiekun.net\/aktualnosci\/wp-content\/uploads\/2024\/01\/od-ilu-lat-mo\u017cna-pracowa\u0107-jako-opiekunka-1024x683.jpg 1024w, https:\/\/opiekun.net\/aktualnosci\/wp-content\/uploads\/2024\/01\/od-ilu-lat-mo\u017cna-pracowa\u0107-jako-opiekunka-696x464.jpg 696w, https:\/\/opiekun.net\/aktualnosci\/wp-content\/uploads\/2024\/01\/od-ilu-lat-mo\u017cna-pracowa\u0107-jako-opiekunka-1068x712.jpg 1068w, https:\/\/opiekun.net\/aktualnosci\/wp-content\/uploads\/2024\/01\/od-ilu-lat-mo\u017cna-pracowa\u0107-jako-opiekunka-630x420.jpg 630w\" sizes=\"auto, (max-width: 6000px) 100vw, 6000px\" \/><\/p>\n<h2><span style=\"font-weight: 400;\">Jakie zadania wykonuje opiekunka dzieci\u0119ca?<\/span><\/h2>\n<p><span style=\"font-weight: 400;\">Opiekunka, jak sama nazwa wskazuje, opiekuje si\u0119 dzieckiem i pilnuje, by mog\u0142o ono sp\u0119dzi\u0107 czas w spos\u00f3b bezpieczny i rozwijaj\u0105cy. Dba o to, by dziecko nie uleg\u0142o \u017cadnemu wypadkowi i by jego potrzeby emocjonalne by\u0142y spe\u0142nione. Opr\u00f3cz tego dba lub pomaga m\u0142odemu cz\u0142owiekowi pilnowa\u0107 higieny, podaje mu posi\u0142ki, karmi go i po nich sprz\u0105ta. Mo\u017ce tak\u017ce dogl\u0105da\u0107 dziecka podczas snu czy organizowa\u0107 mu zabaw\u0119. Do wykonywania tych zada\u0144 potrzebne s\u0105 jej odpowiednie umiej\u0119tno\u015bci i wiedza potwierdzone stosownym dokumentem. Dlatego te\u017c absolwenci oferowanego przez \u201eSzkolenia na Opiekuna w \u017b\u0142obku lub Klubie Dzieci\u0119cym\u201d otrzymuj\u0105 <\/span><b>za\u015bwiadczenie o uko\u0144czeniu szkolenia<\/b><span style=\"font-weight: 400;\">, potwierdzaj\u0105ce zdobyte umiej\u0119tno\u015bci. Warto doda\u0107, \u017ce uczestnik nie musi si\u0119 martwi\u0107 o wiarygodno\u015b\u0107 otrzymanego dokumentu, poniewa\u017c organizacja szkolenia odbywa si\u0119 za zgod\u0105 Ministra Rodziny i Polityki Spo\u0142ecznej.<\/span><span style=\"font-weight: 400;\">\u00a0<\/span><\/p>\n<h2><span style=\"font-weight: 400;\">O czym nale\u017cy pami\u0119ta\u0107?<\/span><\/h2>\n<p><span style=\"font-weight: 400;\">Taki dokument nie tylko \u015bwiadczy o zdobytych umiej\u0119tno\u015bciach i wiedzy, ale tak\u017ce zwi\u0119ksza zaufanie rodzic\u00f3w do opiekunki. Opr\u00f3cz tego powinna zwr\u00f3ci\u0107 uwag\u0119 na to, by:<\/span><\/p>\n<ul>\n<li style=\"font-weight: 400;\" aria-level=\"1\"><span style=\"font-weight: 400;\">urozmaica\u0107 zabawy w taki spos\u00f3b, by by\u0142y ciekawe dla malucha;<\/span><\/li>\n<li style=\"font-weight: 400;\" aria-level=\"1\"><span style=\"font-weight: 400;\">kszta\u0142towa\u0107 w nim pozytywne przyzwyczajenia i nawyki zdrowotne np. dotycz\u0105ce siedzenia;<\/span><\/li>\n<li style=\"font-weight: 400;\" aria-level=\"1\"><span style=\"font-weight: 400;\">kszta\u0142towa\u0107 w nim pozytywne nawyki higieniczne np. uczy\u0107 mycia r\u0105k po ka\u017cdym powrocie do domu czy skorzystaniu z \u0142azienki;<\/span><\/li>\n<li style=\"font-weight: 400;\" aria-level=\"1\"><span style=\"font-weight: 400;\">udzieli\u0107 mu w razie potrzeby pierwszej pomocy w spos\u00f3b poprawny, bez zb\u0119dnej zw\u0142oki.<\/span><\/li>\n<\/ul>\n<p><span data-sheets-root=\"1\">Jakie kwalifikacje powinna mie\u0107 pomoc opiekuna w \u017c\u0142obku? Zajrzyj tutaj: <a href=\"https:\/\/opiekun.net\/aktualnosci\/opiekun-w-zlobku-wymagania-tej-pracy\/\">https:\/\/opiekun.net\/aktualnosci\/opiekun-w-zlobku-wymagania-tej-pracy\/<\/a><\/span><\/p>\n<h2><span style=\"font-weight: 400;\">Kim jest niania wed\u0142ug ustawy?<\/span><\/h2>\n<p><span style=\"font-weight: 400;\">Ustawa z dnia 4 lutego 2011 r. o opiece nad dzie\u0107mi w wieku do lat 3 definiuje niani\u0119, jako osob\u0119 fizyczn\u0105, kt\u00f3ra sprawuje opiek\u0119 nad dzie\u0107mi, na podstawie umowy o \u015bwiadczenie us\u0142ug, do kt\u00f3rej stosuje si\u0119 przepisy z Kodeksu Cywilnego dotycz\u0105ce zlecenia \u2014 jest to tzw. umowa uaktywniaj\u0105ca. Niania mo\u017ce opiekowa\u0107 si\u0119 dzie\u0107mi od 20 tygodnia \u017cycia i nale\u017cy odprowadza\u0107 za ni\u0105 sk\u0142adki do Zak\u0142adu Ubezpiecze\u0144 Spo\u0142ecznych.<\/span><\/p>\n<p>\u00a0<\/p>\n\n\n<p><\/p>\n","protected":false},"excerpt":{"rendered":"<p>Opiekunka to bardzo odpowiedzialna praca. Osobie, kt\u00f3ra \u015bwiadczy takie us\u0142ugi, powierza si\u0119 w ko\u0144cu w\u0142asne dziecko. Zgodnie z przepisami jest to osoba fizyczna, kt\u00f3ra posiada pe\u0142n\u0105 zdolno\u015b\u0107 do czynno\u015bci prawnych. Od ilu lat mo\u017cna pracowa\u0107 jako opiekunka? Czy nieletni mo\u017ce opiekowa\u0107 si\u0119 dzieckiem? Jakie s\u0105 obowi\u0105zki opiekunki? Co przepisy m\u00f3wi\u0105 o tym zawodzie i jaki [&hellip;]<\/p>\n","protected":false},"author":9,"featured_media":756,"comment_status":"closed","ping_status":"closed","sticky":false,"template":"","format":"standard","meta":{"_lmt_disableupdate":"","_lmt_disable":"","footnotes":""},"categories":[1551],"tags":[],"class_list":["post-754","post","type-post","status-publish","format-standard","has-post-thumbnail","hentry","category-kwalifikacje-opiekunki"],"aioseo_notices":[],"modified_by":"digital","_links":{"self":[{"href":"https:\/\/opiekun.net\/aktualnosci\/wp-json\/wp\/v2\/posts\/754","targetHints":{"allow":["GET"]}}],"collection":[{"href":"https:\/\/opiekun.net\/aktualnosci\/wp-json\/wp\/v2\/posts"}],"about":[{"href":"https:\/\/opiekun.net\/aktualnosci\/wp-json\/wp\/v2\/types\/post"}],"author":[{"embeddable":true,"href":"https:\/\/opiekun.net\/aktualnosci\/wp-json\/wp\/v2\/users\/9"}],"replies":[{"embeddable":true,"href":"https:\/\/opiekun.net\/aktualnosci\/wp-json\/wp\/v2\/comments?post=754"}],"version-history":[{"count":3,"href":"https:\/\/opiekun.net\/aktualnosci\/wp-json\/wp\/v2\/posts\/754\/revisions"}],"predecessor-version":[{"id":1116,"href":"https:\/\/opiekun.net\/aktualnosci\/wp-json\/wp\/v2\/posts\/754\/revisions\/1116"}],"wp:featuredmedia":[{"embeddable":true,"href":"https:\/\/opiekun.net\/aktualnosci\/wp-json\/wp\/v2\/media\/756"}],"wp:attachment":[{"href":"https:\/\/opiekun.net\/aktualnosci\/wp-json\/wp\/v2\/media?parent=754"}],"wp:term":[{"taxonomy":"category","embeddable":true,"href":"https:\/\/opiekun.net\/aktualnosci\/wp-json\/wp\/v2\/categories?post=754"},{"taxonomy":"post_tag","embeddable":true,"href":"https:\/\/opiekun.net\/aktualnosci\/wp-json\/wp\/v2\/tags?post=754"}],"curies":[{"name":"wp","href":"https:\/\/api.w.org\/{rel}","templated":true}]}}