{"id":766,"date":"2024-01-15T12:34:57","date_gmt":"2024-01-15T11:34:57","guid":{"rendered":"https:\/\/opiekun.net\/aktualnosci\/?p=766"},"modified":"2026-03-12T11:23:36","modified_gmt":"2026-03-12T10:23:36","slug":"jak-uzyskac-dofinansowanie-kfs-2024-na-kursy-dla-opiekunow-dzieciecych","status":"publish","type":"post","link":"https:\/\/opiekun.net\/aktualnosci\/jak-uzyskac-dofinansowanie-kfs-2024-na-kursy-dla-opiekunow-dzieciecych\/","title":{"rendered":"Jak uzyska\u0107 dofinansowanie KFS 2026 na kursy dla opiekun\u00f3w dzieci\u0119cych?"},"content":{"rendered":"M\u0142odzi rodzice coraz ch\u0119tniej decyduj\u0105 si\u0119 na \u017c\u0142obek oraz klub dzieci\u0119cy dla swojej pociechy, co wida\u0107 szczeg\u00f3lnie po przepe\u0142nionych plac\u00f3wkach i ogromnym zainteresowaniu podczas nabor\u00f3w w ka\u017cdym roku. Nic wi\u0119c dziwnego, \u017ce co chwil\u0119 pojawiaj\u0105 si\u0119 nowe miejsca oraz oferty pracy dla opiekun\u00f3w, kt\u00f3rzy musz\u0105 bazowa\u0107 na aktualnej wiedzy merytorycznej zdobytej podczas przygotowania do zawodu. Podobnie jak w latach ubieg\u0142ych, r\u00f3wnie\u017c w 2026 roku pracodawcy oraz pracownicy mog\u0105 uzyska\u0107 <strong>dofinansowanie KFS 2026 na <a href=\"https:\/\/opiekun.net\/kursy\">kursy dla opiekun\u00f3w dzieci\u0119cych<\/a><\/strong>. Co nale\u017cy zrobi\u0107?\n<h2>Krajowy Fundusz Szkoleniowy \u2013 dofinansowanie na kursy dla opiekun\u00f3w dzieci\u0119cych<\/h2>\nPrzepe\u0142nione plac\u00f3wki oraz braki kadrowe w klubach dzieci\u0119cych i \u017c\u0142obkach sprawiaj\u0105, \u017ce <strong>praca jako opiekun staje si\u0119 niezwykle po\u017c\u0105dana i stwarza ogromne mo\u017cliwo\u015bci zawodowe<\/strong> dla os\u00f3b posiadaj\u0105cych przygotowanie do pracy. Od lat najefektywniejsz\u0105 i najpopularniejsz\u0105 form\u0105 zdobycia wiedzy i umiej\u0119tno\u015bci niezb\u0119dnej do wykonywania codziennych zada\u0144 s\u0105 kursy dla opiekun\u00f3w, kt\u00f3re pozwalaj\u0105 rozwin\u0105\u0107 si\u0119 aktywnym zawodowo opiekunom w nowych obszarach lub przygotowa\u0107 od podstaw osoby spoza bran\u017cy.\n\nCho\u0107 ceny kurs\u00f3w dla opiekun\u00f3w s\u0105 bardzo atrakcyjne i niezwykle op\u0142acalne w kontek\u015bcie mo\u017cliwo\u015bci zawodowych i uzyskiwanych wynagrodze\u0144, dla pracodawc\u00f3w i pracownik\u00f3w taki koszt mo\u017ce by\u0107 barier\u0105 w rozwoju zawodowym. Podobnie jak w poprzednich latach, w 2026 roku r\u00f3wnie\u017c z pomoc\u0105 przychodzi Krajowy Fundusz Szkoleniowy, czyli instrument rynku pracy, kt\u00f3ry przeznaczy ponad <strong>419 milion\u00f3w na dop\u0142aty m.in. do kurs\u00f3w dla opiekun\u00f3w<\/strong>.\n<h2>Kto mo\u017ce uzyska\u0107 dofinansowanie do kurs\u00f3w dla opiekun\u00f3w?<\/h2>\nO <strong>\u015brodki z KFS<\/strong> mog\u0105 ubiega\u0107 si\u0119 wszyscy pracodawcy, kt\u00f3rzy zatrudniaj\u0105 co najmniej jedn\u0105 osob\u0119 na umow\u0119 o prac\u0119, co w praktyce bardzo poszerza kr\u0105g firm i jednostek organizacyjnych mog\u0105cych skorzysta\u0107 z dofinansowania. Warto zaznaczy\u0107, \u017ce rodzaj umowy oraz wymiar etatu nie jest istotny w przypadku pracownika korzystaj\u0105cego z kszta\u0142cenia.\n\n<img loading=\"lazy\" decoding=\"async\" class=\"alignnone wp-image-566\" src=\"https:\/\/opiekun.net\/aktualnosci\/wp-content\/uploads\/2022\/12\/kurs-opiekuna-w-\u017c\u0142obku-300x200.jpg\" alt=\"kurs opiekuna w \u017c\u0142obku\" width=\"705\" height=\"470\" srcset=\"https:\/\/opiekun.net\/aktualnosci\/wp-content\/uploads\/2022\/12\/kurs-opiekuna-w-\u017c\u0142obku-300x200.jpg 300w, https:\/\/opiekun.net\/aktualnosci\/wp-content\/uploads\/2022\/12\/kurs-opiekuna-w-\u017c\u0142obku-768x512.jpg 768w, https:\/\/opiekun.net\/aktualnosci\/wp-content\/uploads\/2022\/12\/kurs-opiekuna-w-\u017c\u0142obku-1024x683.jpg 1024w, https:\/\/opiekun.net\/aktualnosci\/wp-content\/uploads\/2022\/12\/kurs-opiekuna-w-\u017c\u0142obku-696x464.jpg 696w, https:\/\/opiekun.net\/aktualnosci\/wp-content\/uploads\/2022\/12\/kurs-opiekuna-w-\u017c\u0142obku-1068x712.jpg 1068w, https:\/\/opiekun.net\/aktualnosci\/wp-content\/uploads\/2022\/12\/kurs-opiekuna-w-\u017c\u0142obku-630x420.jpg 630w\" sizes=\"auto, (max-width: 705px) 100vw, 705px\" \/>\n\n\n<h2 class=\"wp-block-heading\">Jakie s\u0105 priorytety KFS 2026?<\/h2>\n \n\nPriorytety KFS 2026 skupiaj\u0105 si\u0119 na <strong>wsparciu zarz\u0105dzania i komunikacji w firmach, rozwoju kwalifikacji w zawodach deficytowych, podnoszeniu umiej\u0119tno\u015bci cyfrowych i AI oraz sektora us\u0142ug zdrowotnych i opieku\u0144czych.<\/strong>\n\n \n<h3 class=\"wp-block-heading\">Poprawa zarz\u0105dzania i komunikacji w firmie w oparciu o zasady przeciwdzia\u0142ania dyskryminacji i mobbingowi<\/h3>\n \n\nWsparcie obejmuje <strong>rozw\u00f3j kompetencji mened\u017cerskich<\/strong> zwi\u0105zanych z:\n\n \n<ul class=\"wp-block-list\">\n \t<li>przeciwdzia\u0142aniem dyskryminacji i mobbingowi;<\/li>\n \n \t<li>popraw\u0105 dialogu spo\u0142ecznego, partycypacj\u0105 pracownicz\u0105;<\/li>\n \n \t<li>integracj\u0105 w miejscu pracy.<\/li>\n<\/ul>\n \n<h3 class=\"wp-block-heading\">Wsparcie rozwoju umiej\u0119tno\u015bci i kwalifikacji w zawodach okre\u015blonych jako deficytowe<\/h3>\n \n\nKFS wspiera <strong>kszta\u0142cenie w zawodach deficytowych<\/strong> wskazanych w danym powiecie lub wojew\u00f3dztwie. W wielu regionach obejmuje to sektory takie jak m.in.:\n\n \n<ul class=\"wp-block-list\">\n \t<li>edukacja;<\/li>\n \n \t<li>logistyka;<\/li>\n \n \t<li>transport;<\/li>\n \n \t<li>sektor zdrowotny.<\/li>\n<\/ul>\n \n<h3 class=\"wp-block-heading\">Wsparcie kszta\u0142cenia ustawicznego w zwi\u0105zku z zastosowaniem nowych proces\u00f3w, technologii i narz\u0119dzi pracy<\/h3>\n \n\nNacisk po\u0142o\u017cono r\u00f3wnie\u017c na umiej\u0119tno\u015bci cyfrowe, AI oraz tzw. umiej\u0119tno\u015bci zielone, niezb\u0119dne do \u017cycia i pracy w spos\u00f3b przyjazny \u015brodowisku. Wsparcie dotyczy sytuacji, <strong>w kt\u00f3rych rozw\u00f3j nowych technologii mo\u017ce stanowi\u0107 zagro\u017cenie utrat\u0105 pracy.\u00a0<\/strong>\n\n \n<h3 class=\"wp-block-heading\">Wsparcie rozwoju umiej\u0119tno\u015bci w sektorze us\u0142ug zdrowotnych i opieku\u0144czych<\/h3>\n \n\nPriorytet obejmuje rozw\u00f3j <strong>kompetencji potrzebnych w sektorze us\u0142ug zdrowotnych i opieku\u0144czych<\/strong>. Dotyczy tak\u017ce <strong>wsparcia cz\u0142onk\u00f3w i pracownik\u00f3w sp\u00f3\u0142dzielni socjalnych oraz przedsi\u0119biorstw spo\u0142ecznych wpisanych do rejestru MRPiPS.<\/strong>\n\n\n<h2>Dofinansowanie KFS do kurs\u00f3w dla opiekuna \u2013 ile mo\u017cna dosta\u0107?<\/h2>\nAby otrzyma\u0107 dofinansowanie KFS do kurs\u00f3w dla opiekuna, wystarczy spe\u0142ni\u0107 jeden z powy\u017cszych warunk\u00f3w. O ostatecznej wysoko\u015bci dop\u0142at zawsze decyduje Urz\u0105d Pracy, ale szacowany poziom dofinansowania wynosi przy przeliczeniu na 1 pe\u0142ny etat:\n\n<!-- \/wp:post-content --> <!-- wp:list -->\n<ul class=\"wp-block-list\"><!-- wp:list-item -->\n \t<li><strong>70% koszt\u00f3w szkolenia<\/strong> przy zatrudnieniu powy\u017cej 10 os\u00f3b;<\/li>\n<!-- \/wp:list-item --> <!-- wp:list-item -->\n \t<li><strong>90%<\/strong> <strong>koszt\u00f3w szkolenia <\/strong>przy zatrudnianiu poni\u017cej 10 os\u00f3b.<\/li>\n<!-- \/wp:list-item --><\/ul>\n<!-- \/wp:list -->\n\nOsoby zainteresowane dofinansowaniem mog\u0105 otrzyma\u0107 je na wszystkie kursy znajduj\u0105ce si\u0119 w ofercie Krajowego Instytutu Medycznego, czyli na:\n<ul>\n \t<li><a href=\"https:\/\/opiekun.net\/kursy\/1\/szkolenie-na-opiekuna-w-zlobku-lub-klubie-dzieciecym\">Szkolenie na Opiekuna w \u017b\u0142obku lub Klubie Dzieci\u0119cym<\/a>,<\/li>\n \t<li><a href=\"https:\/\/opiekun.net\/kursy\/4\/szkolenie-dla-dziennego-opiekuna\">Szkolenie dla Dziennego Opiekuna<\/a>,<\/li>\n \t<li><a href=\"https:\/\/opiekun.net\/kursy\/2\/szkolenie-uzupelniajace-dla-opiekuna-w-zlobku-lub-klubie-dzieciecym\">Szkolenie Uzupe\u0142niaj\u0105ce dla Opiekuna w \u017b\u0142obku lub Klubie Dzieci\u0119cym<\/a>,<\/li>\n \t<li><a href=\"https:\/\/opiekun.net\/kursy\/3\/szkolenie-dla-wolontariusza-w-zlobku-lub-klubie-dzieciecym\">Szkolenie dla Wolontariusza w \u017b\u0142obku lub Klubie Dzieci\u0119cym<\/a>,<\/li>\n \t<li><a href=\"Szkolenie%20Uzupe\u0142niaj\u0105ce%20dla%20Dziennego%20Opiekuna\">Szkolenie Uzupe\u0142niaj\u0105ce dla Dziennego Opiekuna<\/a>.<\/li>\n<\/ul>\n<h2>Chcesz otrzyma\u0107 dofinansowanie? Nie zwlekaj \u2013 pierwszy kwarta\u0142 to najlepszy moment<\/h2>\nAby otrzyma\u0107 dofinansowanie, nale\u017cy z\u0142o\u017cy\u0107 odpowiedni<strong> wniosek w Powiatowym Urz\u0119dzie Pracy<\/strong> w\u0142a\u015bciwym ze wzgl\u0119du na siedzib\u0119 pracodawcy albo miejsce prowadzenia dzia\u0142alno\u015bci zgodnie z terminami naboru okre\u015blonymi przez PUP. \u00a0O wysoko\u015bci oraz mo\u017cliwo\u015bci uzyskania dofinansowania decyduje Urz\u0105d Pracy lub jednostka udzielaj\u0105ca dofinansowania po rozpatrzeniu z\u0142o\u017conej przez pracodawc\u0119 dokumentacji.\n<blockquote>\n<h3 style=\"text-align: center;\"><em><a href=\"https:\/\/opiekun.net\/kursy\">ZDOB\u0104D\u0179 DOFINANSOWANIE KFS DO KURS\u00d3W NA OPIEKUNA KORZYSTAJ\u0104C Z NASZEJ OFERTY<\/a><\/em><\/h3>\n<\/blockquote>\nDzi\u0119ki wieloletniemu do\u015bwiadczeniu i wsp\u00f3\u0142pracy podejmowanej z innymi instytucjami i firmami, mo\u017cemy znacznie skr\u00f3ci\u0107 czas oczekiwania na dofinansowanie oraz zminimalizowa\u0107 wszelkie formalno\u015bci. Skorzystaj z naszej pomocy odwiedzaj\u0105c stron\u0119 <a href=\"https:\/\/opiekun.net\/dotacje_dla_firm_szkol\">Dotacje dla firm\/szk\u00f3\u0142<\/a>.","protected":false},"excerpt":{"rendered":"<p>M\u0142odzi rodzice coraz ch\u0119tniej decyduj\u0105 si\u0119 na \u017c\u0142obek oraz klub dzieci\u0119cy dla swojej pociechy, co wida\u0107 szczeg\u00f3lnie po przepe\u0142nionych plac\u00f3wkach i ogromnym zainteresowaniu podczas nabor\u00f3w w ka\u017cdym roku. Nic wi\u0119c dziwnego, \u017ce co chwil\u0119 pojawiaj\u0105 si\u0119 nowe miejsca oraz oferty pracy dla opiekun\u00f3w, kt\u00f3rzy musz\u0105 bazowa\u0107 na aktualnej wiedzy merytorycznej zdobytej podczas przygotowania do zawodu. [&hellip;]<\/p>\n","protected":false},"author":4,"featured_media":63,"comment_status":"closed","ping_status":"closed","sticky":false,"template":"","format":"standard","meta":{"_lmt_disableupdate":"","_lmt_disable":"","footnotes":""},"categories":[1553],"tags":[1595,1596,1597],"class_list":["post-766","post","type-post","status-publish","format-standard","has-post-thumbnail","hentry","category-porady-i-aktualnosci","tag-dofinansowanie-kfs","tag-kfs-dofinansowanie-dla-opiekunow","tag-kursy-dla-opiekunow-dofinansowanie-kfs"],"aioseo_notices":[],"modified_by":"Karina Dycha\u0142a","_links":{"self":[{"href":"https:\/\/opiekun.net\/aktualnosci\/wp-json\/wp\/v2\/posts\/766","targetHints":{"allow":["GET"]}}],"collection":[{"href":"https:\/\/opiekun.net\/aktualnosci\/wp-json\/wp\/v2\/posts"}],"about":[{"href":"https:\/\/opiekun.net\/aktualnosci\/wp-json\/wp\/v2\/types\/post"}],"author":[{"embeddable":true,"href":"https:\/\/opiekun.net\/aktualnosci\/wp-json\/wp\/v2\/users\/4"}],"replies":[{"embeddable":true,"href":"https:\/\/opiekun.net\/aktualnosci\/wp-json\/wp\/v2\/comments?post=766"}],"version-history":[{"count":4,"href":"https:\/\/opiekun.net\/aktualnosci\/wp-json\/wp\/v2\/posts\/766\/revisions"}],"predecessor-version":[{"id":1231,"href":"https:\/\/opiekun.net\/aktualnosci\/wp-json\/wp\/v2\/posts\/766\/revisions\/1231"}],"wp:featuredmedia":[{"embeddable":true,"href":"https:\/\/opiekun.net\/aktualnosci\/wp-json\/wp\/v2\/media\/63"}],"wp:attachment":[{"href":"https:\/\/opiekun.net\/aktualnosci\/wp-json\/wp\/v2\/media?parent=766"}],"wp:term":[{"taxonomy":"category","embeddable":true,"href":"https:\/\/opiekun.net\/aktualnosci\/wp-json\/wp\/v2\/categories?post=766"},{"taxonomy":"post_tag","embeddable":true,"href":"https:\/\/opiekun.net\/aktualnosci\/wp-json\/wp\/v2\/tags?post=766"}],"curies":[{"name":"wp","href":"https:\/\/api.w.org\/{rel}","templated":true}]}}