{"id":825,"date":"2024-05-22T15:28:51","date_gmt":"2024-05-22T13:28:51","guid":{"rendered":"https:\/\/opiekun.net\/aktualnosci\/?p=825"},"modified":"2024-05-22T15:28:51","modified_gmt":"2024-05-22T13:28:51","slug":"szukasz-pomyslu-na-maly-biznes-w-domu-co-powiesz-na-opieke","status":"publish","type":"post","link":"https:\/\/opiekun.net\/aktualnosci\/szukasz-pomyslu-na-maly-biznes-w-domu-co-powiesz-na-opieke\/","title":{"rendered":"Szukasz pomys\u0142u na ma\u0142y biznes w domu? Co powiesz na opiek\u0119?"},"content":{"rendered":"\n<p>Codzienne dojazdy do pracy, stanie w korku, ci\u0105g\u0142y p\u0119d i nieko\u0144cz\u0105ce si\u0119 wymagania szefa powoduj\u0105, \u017ce od dawna nie lubisz swojej pracy? By\u0107 mo\u017ce to dobry czas na zmiany i rozpocz\u0119cie dzia\u0142ania na w\u0142asny rachunek. Aby jednak zrealizowa\u0107 taki zamiar, trzeba mie\u0107 dobry pomys\u0142 na biznes w domu. Jednym z nich jest opieka dzienna, kt\u00f3r\u0105 mo\u017cna prowadzi\u0107 r\u00f3wnie\u017c w swoim miejscu zamieszkania. Sprawd\u017a, jak zrealizowa\u0107 pomys\u0142 na ma\u0142y biznes w domu i zmie\u0144 swoj\u0105 rzeczywisto\u015b\u0107 na lepsze!<\/p>\n\n\n\n<h2 class=\"wp-block-heading\">Pomys\u0142y na biznes w domu \u2013 czym si\u0119 kierowa\u0107?<\/h2>\n\n\n\n<p>Obecnie mo\u017cna zdecydowa\u0107 si\u0119 na wiele r\u00f3\u017cnych opcji zar\u00f3wno w ramach pracy zdalnej, jak i realizowanej na podstawie nowo nabytych umiej\u0119tno\u015bci. <strong>Przebran\u017cowienie si\u0119 nie stanowi dzi\u015b wi\u0119kszego problemu<\/strong> m.in. dzi\u0119ki dost\u0119powi do wielu kurs\u00f3w specjalistycznych. Mo\u017cliwe jest r\u00f3wnie\u017c podj\u0119cie zatrudnienia zar\u00f3wno w firmach, organizacjach i instytucjach, jak <strong>i dzia\u0142anie na w\u0142asny rachunek bez studi\u00f3w kierunkowych<\/strong>, a jedynie na podstawie okre\u015blonych kwalifikacji nabytych w\u0142a\u015bnie na drodze konkretnego szkolenia czy kursu.<\/p>\n\n\n\n<p>Je\u017celi jednak zastanawiamy si\u0119, jaki pomys\u0142 na ma\u0142y biznes w domu mo\u017ce si\u0119 sprawdzi\u0107, z pewno\u015bci\u0105 <strong>warto postawi\u0107 na zaj\u0119cia, w kt\u00f3rych b\u0119dziemy mogli realizowa\u0107 swoje pasje, zainteresowania i jednocze\u015bnie si\u0119 rozwija\u0107<\/strong>. Warto wybra\u0107 te\u017c zaj\u0119cie, kt\u00f3re b\u0119dzie ciekawe i pozwoli nam si\u0119 rozwija\u0107, a jednocze\u015bnie umo\u017cliwi organizacj\u0119 dzia\u0142ania na w\u0142asnych zasadach i warunkach. Doskona\u0142ym wyborem mo\u017ce by\u0107 opiekun dzienny i stworzenie punktu we w\u0142asnym domu lub mieszkaniu.<\/p>\n\n\n\n<blockquote class=\"wp-block-quote is-layout-flow wp-block-quote-is-layout-flow\">\n<p><a href=\"https:\/\/opiekun.net\/kursy\/4\">ZDOB\u0104D\u0179 CENN\u0104 WIEDZ\u0118 I UMIEJ\u0118TNO\u015aCI DO OPIEKI NAD DZIE\u0106MI. WYBIERZ \u201eSZKOLENIE DLA DZIENNEGO OPIEKUNA\u201d!<\/a><\/p>\n<\/blockquote>\n\n\n\n<h2 class=\"wp-block-heading\">Pomys\u0142 na biznes w domu \u2013 ile mo\u017cna zarobi\u0107 jako dzienny opiekun?<\/h2>\n\n\n\n<p>\u015arednie wynagrodzenie opiekuna dziennego to obecnie <strong>4 090 z\u0142 brutto<\/strong>. Jednak osoba, kt\u00f3ra zdecyduje si\u0119 na za\u0142o\u017cenie w\u0142asnej dzia\u0142alno\u015bci gospodarczej i otworzenie punktu opieki dziennej <strong>mo\u017ce liczy\u0107 na znacznie wi\u0119cej<\/strong>. Kwestia zarobk\u00f3w w du\u017cej mierze zale\u017cy te\u017c w tym przypadku od wielko\u015bci miasta czy te\u017c oferty, jak\u0105 przygotuje dla podopiecznych opiekun dzienny. <strong>Mo\u017cliwe jest dodatkowe zorganizowanie r\u00f3\u017cnego rodzaju zaj\u0119\u0107 <\/strong>podczas przebywania dzieci pod opiek\u0105 i inne formy aktywno\u015bci.<\/p>\n\n\n\n<p>Dla os\u00f3b, kt\u00f3re lubi\u0105 dzieci, a jednocze\u015bnie s\u0105 kreatywne, zaanga\u017cowane i nie boj\u0105 si\u0119 wyzwa\u0144, tego rodzaju pomys\u0142 na biznes w domu mo\u017ce okaza\u0107 si\u0119 prawdziwym strza\u0142em w dziesi\u0105tk\u0119.<\/p>\n\n\n\n<h2 class=\"wp-block-heading\">Pomys\u0142 na ma\u0142y biznes w domu a warunki lokalowe \u2013 czy trudno jest zacz\u0105\u0107?<\/h2>\n\n\n\n<p>Odpowiednie przygotowanie danego lokalu do prowadzenia opieki dziennej, w tym w\u0142asnego domu lub mieszkania nie nale\u017cy do trudnych zada\u0144. Spe\u0142nione musz\u0105 by\u0107 <strong>odpowiednie warunki higieniczno-sanitarne, a tak\u017ce kwestie zwi\u0105zane z ochron\u0105 przeciwpo\u017carow\u0105<\/strong>. Ponadto nale\u017cy zadba\u0107 o przyjazne stanowisko do zabawy i le\u017cakowania oraz wyposa\u017cenie przestrzeni we w\u0142a\u015bciwe zabawki.<\/p>\n\n\n\n<p>Organizuj\u0105c opiek\u0119 dzienn\u0105 we w\u0142asnym domu, trzeba te\u017c szczeg\u00f3ln\u0105 uwag\u0119 zwr\u00f3ci\u0107 na <strong>zabezpieczenie posiadanych przedmiot\u00f3w przed dzie\u0107mi<\/strong>. Istotne s\u0105 tu wzgl\u0119dy bezpiecze\u0144stwa oraz mo\u017cliwy dost\u0119p podopiecznych do rzeczy prywatnych.<\/p>\n\n\n\n<figure class=\"wp-block-image size-large\"><img loading=\"lazy\" decoding=\"async\" width=\"1024\" height=\"683\" src=\"https:\/\/opiekun.net\/aktualnosci\/wp-content\/uploads\/2024\/05\/pomysl-na-maly-biznes-w-domu-1024x683.jpg\" alt=\"pomys\u0142 na ma\u0142y biznes w domu\" class=\"wp-image-826\" srcset=\"https:\/\/opiekun.net\/aktualnosci\/wp-content\/uploads\/2024\/05\/pomysl-na-maly-biznes-w-domu-1024x683.jpg 1024w, https:\/\/opiekun.net\/aktualnosci\/wp-content\/uploads\/2024\/05\/pomysl-na-maly-biznes-w-domu-300x200.jpg 300w, https:\/\/opiekun.net\/aktualnosci\/wp-content\/uploads\/2024\/05\/pomysl-na-maly-biznes-w-domu-768x512.jpg 768w, https:\/\/opiekun.net\/aktualnosci\/wp-content\/uploads\/2024\/05\/pomysl-na-maly-biznes-w-domu-1536x1024.jpg 1536w, https:\/\/opiekun.net\/aktualnosci\/wp-content\/uploads\/2024\/05\/pomysl-na-maly-biznes-w-domu-2048x1365.jpg 2048w, https:\/\/opiekun.net\/aktualnosci\/wp-content\/uploads\/2024\/05\/pomysl-na-maly-biznes-w-domu-696x464.jpg 696w, https:\/\/opiekun.net\/aktualnosci\/wp-content\/uploads\/2024\/05\/pomysl-na-maly-biznes-w-domu-1068x712.jpg 1068w, https:\/\/opiekun.net\/aktualnosci\/wp-content\/uploads\/2024\/05\/pomysl-na-maly-biznes-w-domu-630x420.jpg 630w\" sizes=\"auto, (max-width: 1024px) 100vw, 1024px\" \/><\/figure>\n\n\n\n<h2 class=\"wp-block-heading\">Kto mo\u017ce zosta\u0107 dziennym opiekunem?<\/h2>\n\n\n\n<p>Dzienny opiekun to pomys\u0142 na ma\u0142y biznes w domu dla os\u00f3b, kt\u00f3re <strong>nie maj\u0105 pozbawionej lub ograniczonej w\u0142adzy rodzicielskiej<\/strong> albo wype\u0142niaj\u0105 obowi\u0105zek alimentacyjny. Osoby chc\u0105ce pracowa\u0107 jako opiekun dzienny <strong>nie mog\u0105 te\u017c by\u0107 skazane prawomocnym wyrokiem za pope\u0142nienie umy\u015blnego przest\u0119pstwa<\/strong>, w tym tak\u017ce na tle seksualnym.<\/p>\n\n\n\n<p>Konieczne jest r\u00f3wnie\u017c odbycie szkolenia z udzielania pierwszej pomocy oraz r\u0119kojmia odpowiedniego sprawowania opieki nad dzie\u0107mi.<\/p>\n\n\n\n<h2 class=\"wp-block-heading\">Wykszta\u0142cenie i umiej\u0119tno\u015bci a praca jako opiekun dzienny<\/h2>\n\n\n\n<p>Osoba, kt\u00f3ra zainteresowana jest zmian\u0105 dotychczasowego zatrudnienia i rozpocz\u0119ciem pracy jako opiekun dzienny na w\u0142asny rachunek, powinna posiada\u0107 okre\u015blone umiej\u0119tno\u015bci i wiedz\u0119. Tak\u0105 dzia\u0142alno\u015b\u0107 mo\u017ce prowadzi\u0107 m.in. piel\u0119gniarka, po\u0142o\u017cna, nauczyciel wychowania przedszkolnego, opiekun \u017c\u0142obka, ale te\u017c osoba, kt\u00f3ra zrealizuje<a href=\"https:\/\/opiekun.net\/kursy\/4\"> \u201cSzkolenie dla dziennego opiekuna<\/a>\u201d dost\u0119pne na platformie dydaktycznej Krajowego Instytutu Medycznego. Po uko\u0144czeniu kursu absolwent otrzymuje stosowne za\u015bwiadczenie. Posiadamy zgod\u0119 Ministra Rodziny i Polityki Spo\u0142ecznej na organizacj\u0119 kursu. Sam kurs natomiast jest zgodny z ustaw\u0105 o opiece nad dzie\u0107mi do 3 roku \u017cycia z 04.02.2011 i rozporz\u0105dzeniem ministra pracy i polityki spo\u0142ecznej z 25.03.2011.<\/p>\n","protected":false},"excerpt":{"rendered":"<p>Codzienne dojazdy do pracy, stanie w korku, ci\u0105g\u0142y p\u0119d i nieko\u0144cz\u0105ce si\u0119 wymagania szefa powoduj\u0105, \u017ce od dawna nie lubisz swojej pracy? By\u0107 mo\u017ce to dobry czas na zmiany i rozpocz\u0119cie dzia\u0142ania na w\u0142asny rachunek. Aby jednak zrealizowa\u0107 taki zamiar, trzeba mie\u0107 dobry pomys\u0142 na biznes w domu. Jednym z nich jest opieka dzienna, kt\u00f3r\u0105 [&hellip;]<\/p>\n","protected":false},"author":9,"featured_media":827,"comment_status":"closed","ping_status":"closed","sticky":false,"template":"","format":"standard","meta":{"_lmt_disableupdate":"","_lmt_disable":"","footnotes":""},"categories":[1552],"tags":[1570,870],"class_list":["post-825","post","type-post","status-publish","format-standard","has-post-thumbnail","hentry","category-szkolenia-dla-opiekunek","tag-dzienny-opiekun-praca","tag-opiekunka-do-dzieci-kurs"],"aioseo_notices":[],"modified_by":"Karolina Grad","_links":{"self":[{"href":"https:\/\/opiekun.net\/aktualnosci\/wp-json\/wp\/v2\/posts\/825","targetHints":{"allow":["GET"]}}],"collection":[{"href":"https:\/\/opiekun.net\/aktualnosci\/wp-json\/wp\/v2\/posts"}],"about":[{"href":"https:\/\/opiekun.net\/aktualnosci\/wp-json\/wp\/v2\/types\/post"}],"author":[{"embeddable":true,"href":"https:\/\/opiekun.net\/aktualnosci\/wp-json\/wp\/v2\/users\/9"}],"replies":[{"embeddable":true,"href":"https:\/\/opiekun.net\/aktualnosci\/wp-json\/wp\/v2\/comments?post=825"}],"version-history":[{"count":1,"href":"https:\/\/opiekun.net\/aktualnosci\/wp-json\/wp\/v2\/posts\/825\/revisions"}],"predecessor-version":[{"id":828,"href":"https:\/\/opiekun.net\/aktualnosci\/wp-json\/wp\/v2\/posts\/825\/revisions\/828"}],"wp:featuredmedia":[{"embeddable":true,"href":"https:\/\/opiekun.net\/aktualnosci\/wp-json\/wp\/v2\/media\/827"}],"wp:attachment":[{"href":"https:\/\/opiekun.net\/aktualnosci\/wp-json\/wp\/v2\/media?parent=825"}],"wp:term":[{"taxonomy":"category","embeddable":true,"href":"https:\/\/opiekun.net\/aktualnosci\/wp-json\/wp\/v2\/categories?post=825"},{"taxonomy":"post_tag","embeddable":true,"href":"https:\/\/opiekun.net\/aktualnosci\/wp-json\/wp\/v2\/tags?post=825"}],"curies":[{"name":"wp","href":"https:\/\/api.w.org\/{rel}","templated":true}]}}